{"id":4989,"__str__":"Of\u00edcio n\u00ba 023/2026/SECOM","link_detail_backend":"/docadm/4989","metadata":{},"numero":23,"complemento":"SECOM","ano":2026,"data":"2026-04-08","interessado":"Vereadores da C\u00e2mara Municipal de Barra do Gar\u00e7as","dias_prazo":null,"data_fim_prazo":null,"tramitacao":false,"assunto":"O Ilmo. Sr. Secret\u00e1rio Municipal de Comunica\u00e7\u00e3o, S\u00e9rgio Alves Santana, expediu o Of\u00edcio n\u00ba 023, destinado \u00e0 C\u00e2mara Municipal de Barra do Gar\u00e7as, convidando esta Casa de Leis para participar da composi\u00e7\u00e3o do Conselho Municipal de Comunica\u00e7\u00e3o Social, mediante a indica\u00e7\u00e3o de 1 (um) representante titular e 1 (um) representante suplente, preferencialmente da \u00e1rea de Comunica\u00e7\u00e3o Institucional, a ser formalizada por of\u00edcio no prazo de 5 (cinco) dias. Informa, ainda, que o referido Conselho possui car\u00e1ter consultivo e deliberativo, ser\u00e1 composto por representantes do Poder P\u00fablico e da Sociedade Civil, reunir-se-\u00e1 trimestralmente e ter\u00e1 mandato de 2 (dois) anos, permitida a recondu\u00e7\u00e3o, sendo a participa\u00e7\u00e3o considerada de relevante interesse p\u00fablico, sem remunera\u00e7\u00e3o","numero_externo":null,"observacao":"","texto_integral":"http://sapl.barradogarcas.mt.leg.br/media/sapl/private/documentoadministrativo/4989/oficio_023-2026.pdf","restrito":false,"ip":"45.228.104.65","ultima_edicao":"2026-04-09T13:28:20.605916-03:00","tipo":12,"protocolo":null,"autor":null,"user":34,"anexados":[],"materiasvinculadas":[]}