{"id":4962,"__str__":"Of\u00edcio Legislativo n\u00ba 009/2026","link_detail_backend":"/docadm/4962","metadata":{},"numero":9,"complemento":"","ano":2026,"data":"2026-03-31","interessado":"Adilson Gon\u00e7alves de Macedo \u2013 Prefeito Municipal","dias_prazo":null,"data_fim_prazo":null,"tramitacao":false,"assunto":"Encaminha as Mat\u00e9rias aprovadas na Sess\u00e3o Ordin\u00e1ria do dia 30/03/2026 ao Poder Executivo Municipal: Projetos de Lei n\u00ba 027 e 028/2026; Decreto n\u00ba 5.857/2026 e Projeto de Lei Complementar n\u00ba 004/2026, todos de autoria do Poder Executivo Municipal; Projeto de Lei n\u00ba 014/2026, de autoria do Vereador Jaime Rodrigues Neto","numero_externo":null,"observacao":"","texto_integral":null,"restrito":false,"ip":"45.228.105.12","ultima_edicao":"2026-04-08T14:10:41.411547-03:00","tipo":14,"protocolo":null,"autor":null,"user":38,"anexados":[],"materiasvinculadas":[]}