{"id":4909,"__str__":"Of\u00edcio Legislativo n\u00ba 006/2026","link_detail_backend":"/docadm/4909","metadata":{},"numero":6,"complemento":"","ano":2026,"data":"2026-03-09","interessado":"Adilson Gon\u00e7alves de Macedo \u2013 Prefeito Municipal","dias_prazo":null,"data_fim_prazo":null,"tramitacao":false,"assunto":"Encaminha as Mat\u00e9rias aprovadas na Sess\u00e3o Ordin\u00e1ria do dia 09/03/2026 ao Poder Executivo Municipal: Projeto de Lei n\u00ba 020/2026, Projeto de Lei Complementar n\u00ba 001/2026, Veto n\u00ba 001 e 002/2026, de autoria do Poder Executivo Municipal","numero_externo":null,"observacao":"","texto_integral":null,"restrito":false,"ip":"45.228.105.12","ultima_edicao":"2026-03-16T18:48:38.470356-03:00","tipo":14,"protocolo":null,"autor":null,"user":38,"anexados":[],"materiasvinculadas":[]}