{"id":3843,"__str__":"Of\u00edcio n\u00ba 459/2025/SEPLAN","link_detail_backend":"/docadm/3843","metadata":{},"numero":459,"complemento":"SEPLAN","ano":2025,"data":"2025-09-22","interessado":"Alessandro Matos do Nascimento (Alex Matos)","dias_prazo":null,"data_fim_prazo":null,"tramitacao":false,"assunto":"A Ilma. Sra. Secret\u00e1ria Municipal de Planejamento e Finan\u00e7as, Luene Pereira de Souza, expediu o Of\u00edcio n\u00ba 459/SEPLAN-FINAN-OR\u00c7/2025, destinado ao Exmo. Sr. Vereador Presidente da C\u00e2mara Municipal de Barra do Gar\u00e7as, Alessandro Matos do Nascimento, cujo assunto se refere a solicita\u00e7\u00e3o da disponibiliza\u00e7\u00e3o do Plen\u00e1rio dessa Casa de Leis, no dia 30 de setembro de 2025, \u00e0s  9 horas, para a realiza\u00e7\u00e3o de Audi\u00eancia P\u00fablica","numero_externo":null,"observacao":"","texto_integral":"http://sapl.barradogarcas.mt.leg.br/media/sapl/private/documentoadministrativo/3843/oficio_459-seplan-finan-orc-2025.pdf","restrito":false,"ip":"45.228.104.65","ultima_edicao":"2025-09-23T17:55:14.846250-03:00","tipo":12,"protocolo":null,"autor":null,"user":34,"anexados":[],"materiasvinculadas":[]}