{"id":3498,"__str__":"Of\u00edcio n\u00ba 69245/2025/5CRBG/PM","link_detail_backend":"/docadm/3498","metadata":{},"numero":69245,"complemento":"5CRBG/PM","ano":2025,"data":"2025-08-28","interessado":"Alessandro Matos do Nascimento (Alex Matos)","dias_prazo":null,"data_fim_prazo":null,"tramitacao":false,"assunto":"A Ilma. Sra. Sileimann de Sousa Campos J\u00fanior, Capit\u00e3o PM Chefe da Divis\u00e3o de Comunica\u00e7\u00e3o Social e Marketing Institucional do 5\u00b0CR, expediu o Of\u00edcio n\u00ba 69245/5CRBG/PM/2025, destinado ao Exmo. Sr. Vereador Presidente da C\u00e2mara Municipal de Barra do Gar\u00e7as, Alessandro Matos do Nascimento, solicitando a disponibiliza\u00e7\u00e3o do Plen\u00e1rio desta Casa de Leis para a Realiza\u00e7\u00e3o de Formatura Alusiva aos 190 anos da Pol\u00edcia Militar do Estado de Mato Grosso, no dia 03/09/2025 das 17h \u00e0s 20h, onde ser\u00e3o tamb\u00e9m homenageados os Policiais Militares promovidos","numero_externo":null,"observacao":"","texto_integral":"http://sapl.barradogarcas.mt.leg.br/media/sapl/private/documentoadministrativo/3498/oficio_69245-2025-5crbg-pm_-_solicitacao_plenario.pdf","restrito":false,"ip":"45.228.104.65","ultima_edicao":"2025-09-04T18:21:01.310143-03:00","tipo":12,"protocolo":null,"autor":null,"user":34,"anexados":[],"materiasvinculadas":[]}