{"id":2705,"__str__":"Of\u00edcio n\u00ba 006/2025/SEBRAE","link_detail_backend":"/docadm/2705","metadata":{},"numero":6,"complemento":"SEBRAE","ano":2025,"data":"2025-05-12","interessado":"Alessandro Matos do Nascimento (Alex Matos)","dias_prazo":null,"data_fim_prazo":null,"tramitacao":false,"assunto":"Os Ilmos. Srs. da Ag\u00eancia Sebrae Barra do Gar\u00e7as, Jo\u00e3o Batista Alves da Silva e Victhor Pires Andrade, expediu o Of\u00edcio n\u00ba 006/2025, destinado ao Exmo. Sr. Vereador Presidente da C\u00e2mara Municipal de Barra do Gar\u00e7as, Alessandro Matos do Nascimento, cujo assunto se refere \u00e0 solicita\u00e7\u00e3o de autoriza\u00e7\u00e3o para utiliza\u00e7\u00e3o do audit\u00f3rio no dia 27/05/2025 das 19h \u00e0s 22h, para realiza\u00e7\u00e3o da Palestra na Semana do MEI","numero_externo":null,"observacao":"","texto_integral":"http://sapl.barradogarcas.mt.leg.br/media/sapl/private/documentoadministrativo/2705/oficio_006-2025_-_sebrae_-_solicitacao_plenario.pdf","restrito":false,"ip":"45.228.105.160","ultima_edicao":"2025-05-15T17:31:14.900522-03:00","tipo":12,"protocolo":null,"autor":null,"user":34,"anexados":[],"materiasvinculadas":[]}