{"id":5149,"__str__":"Requerimento n\u00ba 12 de 2026","link_detail_backend":"/materia/5149","metadata":{"signs":{"texto_original":{"admin":[],"autores":[["Alessandro Matos do Nascimento",["2026-04-24T08:25:56-03:00","ICP-Brasil - AC SyngularID Multipla"]]]}}},"numero":12,"ano":2026,"numero_protocolo":null,"data_apresentacao":"2026-04-24","tipo_apresentacao":"E","data_publicacao":null,"numero_origem_externa":"","ano_origem_externa":null,"data_origem_externa":null,"apelido":"","dias_prazo":null,"data_fim_prazo":null,"em_tramitacao":true,"polemica":false,"objeto":"","complementar":false,"ementa":"O Vereador que esta subscreve, no uso de suas atribui\u00e7\u00f5es legais e regimentais, ap\u00f3s ouvido o Plen\u00e1rio, requer o encaminhamento de expediente \u00e0 Secretaria Municipal de Desenvolvimento Urbano e Sustent\u00e1vel, sob responsabilidade do Secret\u00e1rio Thiago Marcelo Silva Barbosa, para que sejam adotadas as provid\u00eancias necess\u00e1rias visando \u00e0 reforma de todas as academias ao ar livre existentes no munic\u00edpio de Barra do Gar\u00e7as - MT, bem como \u00e0 implanta\u00e7\u00e3o dessas estruturas nos bairros que ainda n\u00e3o disp\u00f5em desse equipamento p\u00fablico.","indexacao":"O Vereador que esta subscreve, no uso de suas atribui\u00e7\u00f5es legais e regimentais, ap\u00f3s ouvido o Plen\u00e1rio, requer o encaminhamento de expediente \u00e0 Secretaria Municipal de Desenvolvimento Urbano e Sustent\u00e1vel, sob responsabilidade do Secret\u00e1rio Thiago Marcelo Silva Barbosa, para que sejam adotadas as provid\u00eancias necess\u00e1rias visando \u00e0 reforma de todas as academias ao ar livre existentes no munic\u00edpio de Barra do Gar\u00e7as - MT, bem como \u00e0 implanta\u00e7\u00e3o dessas estruturas nos bairros que ainda n\u00e3o disp\u00f5em desse equipamento p\u00fablico.","observacao":"","resultado":"","texto_original":"http://sapl.barradogarcas.mt.leg.br/media/sapl/public/materialegislativa/2026/5149/requerimento_012_-_alex_-_reforma_das_academias_ao_ar_livre_existentes_e_implantacao_de_novas_unidades_nos_bairros_nao_contemplados_em_barra_do_garcas__mt.pdf","data_ultima_atualizacao":"2026-04-29T16:45:16.414819-03:00","ip":"45.228.105.12","ultima_edicao":"2026-04-29T16:45:16.223937-03:00","tipo":3,"regime_tramitacao":1,"tipo_origem_externa":null,"local_origem_externa":null,"user":38,"anexadas":[],"autores":[1]}