{"id":5141,"__str__":"Mo\u00e7\u00e3o n\u00ba 33 de 2026","link_detail_backend":"/materia/5141","metadata":{"signs":{"texto_original":{"admin":[],"autores":[["Maria Silvania Araujo Ramos",["2026-04-23T16:38:43-03:00","ICP-Brasil - Certificado PF A1"]]]}}},"numero":33,"ano":2026,"numero_protocolo":null,"data_apresentacao":"2026-04-27","tipo_apresentacao":"","data_publicacao":null,"numero_origem_externa":"","ano_origem_externa":null,"data_origem_externa":null,"apelido":"","dias_prazo":null,"data_fim_prazo":null,"em_tramitacao":true,"polemica":false,"objeto":"","complementar":false,"ementa":"Cumprimento e parabenizo os alunos da Rede Municipal de Ensino de Barra do Gar\u00e7as que gabaritaram a Avalia\u00e7\u00e3o Somativa do Programa \u201cALFABETIZA MT\u201d, referente \u00e0 2\u00aa Edi\u00e7\u00e3o do Selo Ouro Alfabetiza, em reconhecimento ao excelente desempenho acad\u00eamico demonstrado nas avalia\u00e7\u00f5es de L\u00edngua Portuguesa e Matem\u00e1tica. A presente mo\u00e7\u00e3o homenageia os estudantes que alcan\u00e7aram resultado de destaque, valorizando o esfor\u00e7o, a dedica\u00e7\u00e3o e o compromisso com a aprendizagem.","indexacao":"","observacao":"","resultado":"","texto_original":"http://sapl.barradogarcas.mt.leg.br/media/sapl/public/materialegislativa/2026/5141/mocao_033_maria_silvania-_alunos_alfabetiza_-_2a_edicao_do_selo_ouro_alfabetiza.pdf","data_ultima_atualizacao":"2026-04-28T17:51:41.463373-03:00","ip":"45.228.104.65","ultima_edicao":"2026-04-23T16:41:11.260867-03:00","tipo":7,"regime_tramitacao":1,"tipo_origem_externa":null,"local_origem_externa":null,"user":86,"anexadas":[],"autores":[86]}