{"id":5109,"__str__":"Mo\u00e7\u00e3o n\u00ba 25 de 2026","link_detail_backend":"/materia/5109","metadata":{"signs":{"texto_original":{"admin":[],"autores":[["Valdei Leite Guimaraes",["2026-04-09T16:29:21-03:00","ICP-Brasil"]]]}}},"numero":25,"ano":2026,"numero_protocolo":null,"data_apresentacao":"2026-04-09","tipo_apresentacao":"O","data_publicacao":null,"numero_origem_externa":"","ano_origem_externa":null,"data_origem_externa":null,"apelido":"","dias_prazo":null,"data_fim_prazo":null,"em_tramitacao":true,"polemica":false,"objeto":"","complementar":false,"ementa":"Como forma de manifesta solidariedade, solicita-se o encaminhamento de MO\u00c7\u00c3O DE PESAR aos familiares do Ilustre Senhor Nelson Pereira de Sousa em raz\u00e3o do seu falecimento, ocorrido no dia 05 de abril 2026, na cidade de Barra do Gar\u00e7as - MT.","indexacao":"Como forma de manifesta solidariedade, solicita-se o encaminhamento de MO\u00c7\u00c3O DE PESAR aos familiares do Ilustre Senhor Nelson Pereira de Sousa em raz\u00e3o do seu falecimento, ocorrido no dia 05 de abril 2026, na cidade de Barra do Gar\u00e7as - MT.","observacao":"","resultado":"","texto_original":"http://sapl.barradogarcas.mt.leg.br/media/sapl/public/materialegislativa/2026/5109/mocao_de_pesar_025_-_valdei_-_mocao_ao_nelson_pereira_de_sousa.pdf","data_ultima_atualizacao":"2026-04-15T13:13:50.766351-03:00","ip":"45.228.105.12","ultima_edicao":"2026-04-15T13:13:47.947803-03:00","tipo":7,"regime_tramitacao":1,"tipo_origem_externa":null,"local_origem_externa":null,"user":38,"anexadas":[],"autores":[15]}