{"id":5108,"__str__":"Mo\u00e7\u00e3o n\u00ba 26 de 2026","link_detail_backend":"/materia/5108","metadata":{"signs":{"texto_original":{"admin":[],"autores":[["Adilson Tavares Lopes",["2026-04-09T16:09:27-03:00","ICP-Brasil - Certificado PF A1"]]]}}},"numero":26,"ano":2026,"numero_protocolo":null,"data_apresentacao":"2026-04-09","tipo_apresentacao":"E","data_publicacao":null,"numero_origem_externa":"","ano_origem_externa":null,"data_origem_externa":null,"apelido":"","dias_prazo":null,"data_fim_prazo":null,"em_tramitacao":true,"polemica":false,"objeto":"","complementar":false,"ementa":"A C\u00e2mara Municipal de Barra do Gar\u00e7as manifesta VOTOS DE APLAUSOS E CONGRATULA\u00c7\u00d5ES \u00e0 Coronel da Pol\u00edcia Militar do Estado de Mato Grosso, Jane de Sousa Melo, em reconhecimento \u00e0 sua brilhante trajet\u00f3ria profissional, \u00e0 sua dedica\u00e7\u00e3o \u00e0 seguran\u00e7a p\u00fablica e ao relevante servi\u00e7o prestado \u00e0 sociedade mato-grossense.","indexacao":"A C\u00e2mara Municipal de Barra do Gar\u00e7as manifesta VOTOS DE APLAUSOS E CONGRATULA\u00c7\u00d5ES \u00e0 Coronel da Pol\u00edcia Militar do Estado de Mato Grosso, Jane de Sousa Melo, em reconhecimento \u00e0 sua brilhante trajet\u00f3ria profissional, \u00e0 sua dedica\u00e7\u00e3o \u00e0 seguran\u00e7a p\u00fablica e ao relevante servi\u00e7o prestado \u00e0 sociedade mato-grossense.","observacao":"","resultado":"","texto_original":"http://sapl.barradogarcas.mt.leg.br/media/sapl/public/materialegislativa/2026/5108/mocao_aplausos_026_-_adilson_-_jane_de_sousa_melo_005.pdf","data_ultima_atualizacao":"2026-04-15T13:17:47.834219-03:00","ip":"45.228.105.12","ultima_edicao":"2026-04-15T13:17:47.599662-03:00","tipo":7,"regime_tramitacao":1,"tipo_origem_externa":null,"local_origem_externa":null,"user":38,"anexadas":[],"autores":[72]}