{"id":5106,"__str__":"Mo\u00e7\u00e3o n\u00ba 27 de 2026","link_detail_backend":"/materia/5106","metadata":{"signs":{"texto_original":{"admin":[],"autores":[["Gabriel Pereira Lopes",["2026-04-09T17:45:18-03:00","ICP-Brasil - Certificado PF A1"]]]}}},"numero":27,"ano":2026,"numero_protocolo":null,"data_apresentacao":"2026-04-01","tipo_apresentacao":"E","data_publicacao":null,"numero_origem_externa":"","ano_origem_externa":null,"data_origem_externa":null,"apelido":"","dias_prazo":null,"data_fim_prazo":null,"em_tramitacao":true,"polemica":false,"objeto":"","complementar":false,"ementa":"A C\u00e2mara Municipal de Barra do Gar\u00e7as, no uso de suas atribui\u00e7\u00f5es legais, manifesta, por meio desta MO\u00c7\u00c3O DE APLAUSOS, seu reconhecimento e congratula\u00e7\u00f5es aos servidores do CREAS, que com dedica\u00e7\u00e3o, sensibilidade e profissionalismo prestam relevantes servi\u00e7os \u00e0 popula\u00e7\u00e3o, especialmente no atendimento \u00e0s pessoas em situa\u00e7\u00e3o de risco e vulnerabilidade social.","indexacao":"A C\u00e2mara Municipal de Barra do Gar\u00e7as, no uso de suas atribui\u00e7\u00f5es legais, manifesta, por meio desta MO\u00c7\u00c3O DE APLAUSOS, seu reconhecimento e congratula\u00e7\u00f5es aos servidores do CREAS, que com dedica\u00e7\u00e3o, sensibilidade e profissionalismo prestam relevantes servi\u00e7os \u00e0 popula\u00e7\u00e3o, especialmente no atendimento \u00e0s pessoas em situa\u00e7\u00e3o de risco e vulnerabilidade social.","observacao":"","resultado":"","texto_original":"http://sapl.barradogarcas.mt.leg.br/media/sapl/public/materialegislativa/2026/5106/mocao_027_-_ze_gota_-_creas.pdf","data_ultima_atualizacao":"2026-04-15T13:19:05.881217-03:00","ip":"45.228.105.12","ultima_edicao":"2026-04-15T13:19:05.690133-03:00","tipo":7,"regime_tramitacao":1,"tipo_origem_externa":null,"local_origem_externa":null,"user":38,"anexadas":[],"autores":[49]}