{"id":5094,"__str__":"Requerimento n\u00ba 9 de 2026","link_detail_backend":"/materia/5094","metadata":{"signs":{"texto_original":{"admin":[],"autores":[["Alessandro Matos do Nascimento",["2026-04-06T14:37:45-03:00","ICP-Brasil - AC SyngularID Multipla"]]]}}},"numero":9,"ano":2026,"numero_protocolo":null,"data_apresentacao":"2026-04-06","tipo_apresentacao":"E","data_publicacao":null,"numero_origem_externa":"","ano_origem_externa":null,"data_origem_externa":null,"apelido":"","dias_prazo":null,"data_fim_prazo":null,"em_tramitacao":true,"polemica":false,"objeto":"","complementar":false,"ementa":"Requeiro o encaminhamento de expediente \u00e0 Secretaria Municipal de Desenvolvimento Urbano e Sustent\u00e1vel, para que sejam adotadas as provid\u00eancias necess\u00e1rias visando \u00e0 reforma de todas as academias ao ar livre existentes no munic\u00edpio de Barra do Gar\u00e7as, bem como \u00e0 implanta\u00e7\u00e3o dessas estruturas nos bairros que ainda n\u00e3o disp\u00f5em desse equipamento p\u00fablico.","indexacao":"Requeiro o encaminhamento de expediente \u00e0 Secretaria Municipal de Desenvolvimento Urbano e Sustent\u00e1vel, para que sejam adotadas as provid\u00eancias necess\u00e1rias visando \u00e0 reforma de todas as academias ao ar livre existentes no munic\u00edpio de Barra do Gar\u00e7as, bem como \u00e0 implanta\u00e7\u00e3o dessas estruturas nos bairros que ainda n\u00e3o disp\u00f5em desse equipamento p\u00fablico.","observacao":"","resultado":"","texto_original":"http://sapl.barradogarcas.mt.leg.br/media/sapl/public/materialegislativa/2026/5094/requerimento_009_-_alex_-_solicitacao_de_reforma_e_implantacao_de_academias_ao_ar_livre_no_municipio_de_barra_do_garcas__mt_1.pdf","data_ultima_atualizacao":"2026-04-28T17:29:25.723121-03:00","ip":"45.228.105.12","ultima_edicao":"2026-04-06T17:21:13.448947-03:00","tipo":3,"regime_tramitacao":1,"tipo_origem_externa":null,"local_origem_externa":null,"user":38,"anexadas":[],"autores":[1]}