{"id":5092,"__str__":"Indica\u00e7\u00e3o n\u00ba 81 de 2026","link_detail_backend":"/materia/5092","metadata":{"signs":{"texto_original":{"admin":[],"autores":[["Jaime Rodrigues Neto",["2026-04-06T14:30:06-03:00","ICP-Brasil - AC Solucao Digital Multipla"]]]}}},"numero":81,"ano":2026,"numero_protocolo":null,"data_apresentacao":"2026-04-06","tipo_apresentacao":"O","data_publicacao":null,"numero_origem_externa":"","ano_origem_externa":null,"data_origem_externa":null,"apelido":"","dias_prazo":null,"data_fim_prazo":null,"em_tramitacao":true,"polemica":false,"objeto":"","complementar":false,"ementa":"Indica ao Chefe do Poder Executivo Municipal, por meio da Secretaria Municipal de Sa\u00fade, que seja disponibilizado 1 (um) ve\u00edculo para atender \u00e0s demandas da Central de Abastecimento Farmac\u00eautico (CAF) do Munic\u00edpio de Barra do Gar\u00e7as.","indexacao":"Indica ao Chefe do Poder Executivo Municipal, por meio da Secretaria Municipal de Sa\u00fade, que seja disponibilizado 1 (um) ve\u00edculo para atender \u00e0s demandas da Central de Abastecimento Farmac\u00eautico (CAF) do Munic\u00edpio de Barra do Gar\u00e7as.","observacao":"","resultado":"","texto_original":"http://sapl.barradogarcas.mt.leg.br/media/sapl/public/materialegislativa/2026/5092/indicacao_081_-_jaime_-_veiculo_caf_2.pdf","data_ultima_atualizacao":"2026-04-07T17:34:36.294575-03:00","ip":"45.228.105.12","ultima_edicao":"2026-04-06T16:19:21.397723-03:00","tipo":8,"regime_tramitacao":1,"tipo_origem_externa":null,"local_origem_externa":null,"user":38,"anexadas":[],"autores":[50]}