{"id":5089,"__str__":"Mo\u00e7\u00e3o n\u00ba 23 de 2026","link_detail_backend":"/materia/5089","metadata":{"signs":{"texto_original":{"admin":[],"autores":[["Alessandro Matos do Nascimento",["2026-04-06T14:10:37-03:00","ICP-Brasil - AC SyngularID Multipla"]]]}}},"numero":23,"ano":2026,"numero_protocolo":null,"data_apresentacao":"2026-04-06","tipo_apresentacao":"E","data_publicacao":null,"numero_origem_externa":"","ano_origem_externa":null,"data_origem_externa":null,"apelido":"","dias_prazo":null,"data_fim_prazo":null,"em_tramitacao":true,"polemica":false,"objeto":"","complementar":false,"ementa":"Cumprimento e parabenizo a Sra. Sirlene de Jesus, em alus\u00e3o ao Dia do Artes\u00e3o, celebrado em 19 de mar\u00e7o de 2026, pelos relevantes servi\u00e7os prestados \u00e0 popula\u00e7\u00e3o de Barra do Gar\u00e7as, destacando-se pelo talento, dedica\u00e7\u00e3o e compromisso na valoriza\u00e7\u00e3o do artesanato e da cultura local.","indexacao":"Cumprimento e parabenizo a Sra. Sirlene de Jesus, em alus\u00e3o ao Dia do Artes\u00e3o, celebrado em 19 de mar\u00e7o de 2026, pelos relevantes servi\u00e7os prestados \u00e0 popula\u00e7\u00e3o de Barra do Gar\u00e7as, destacando-se pelo talento, dedica\u00e7\u00e3o e compromisso na valoriza\u00e7\u00e3o do artesanato e da cultura local.","observacao":"","resultado":"","texto_original":"http://sapl.barradogarcas.mt.leg.br/media/sapl/public/materialegislativa/2026/5089/mocao_023_-_alex_matos_-a_sra._sirlene_de_jesus_pelo_dia_do_artesao__19_de_marco_de_2026.pdf","data_ultima_atualizacao":"2026-04-07T17:37:18.204211-03:00","ip":"45.228.105.12","ultima_edicao":"2026-04-06T17:12:49.127582-03:00","tipo":7,"regime_tramitacao":1,"tipo_origem_externa":null,"local_origem_externa":null,"user":38,"anexadas":[],"autores":[1]}