{"id":5081,"__str__":"Mo\u00e7\u00e3o n\u00ba 24 de 2026","link_detail_backend":"/materia/5081","metadata":{"signs":{"texto_original":{"admin":[],"autores":[["Valdei Leite Guimaraes",["2026-04-01T16:57:28-03:00","ICP-Brasil"]]]}}},"numero":24,"ano":2026,"numero_protocolo":null,"data_apresentacao":"2026-04-01","tipo_apresentacao":"E","data_publicacao":null,"numero_origem_externa":"","ano_origem_externa":null,"data_origem_externa":null,"apelido":"","dias_prazo":null,"data_fim_prazo":null,"em_tramitacao":true,"polemica":false,"objeto":"","complementar":false,"ementa":"O Vereador Valde\u00ed Leite Guimar\u00e3es (Pebinha), no uso de suas atribui\u00e7\u00f5es legais e regimentais, vem, respeitosamente, propor \u00e0 Mesa Diretora, ap\u00f3s ouvido o Plen\u00e1rio, a concess\u00e3o de MO\u00c7\u00c3O DE APLAUSOS aos seguintes homenageados, residentes em Barra do Gar\u00e7as e Cuiab\u00e1, em raz\u00e3o de seu envolvimento na organiza\u00e7\u00e3o e implanta\u00e7\u00e3o do Espa\u00e7o \"Ser Fam\u00edlia Crian\u00e7a\" e pelo bom desempenho profissional.","indexacao":"O Vereador Valde\u00ed Leite Guimar\u00e3es (Pebinha), no uso de suas atribui\u00e7\u00f5es legais e regimentais, vem, respeitosamente, propor \u00e0 Mesa Diretora, ap\u00f3s ouvido o Plen\u00e1rio, a concess\u00e3o de MO\u00c7\u00c3O DE APLAUSOS aos seguintes homenageados, residentes em Barra do Gar\u00e7as e Cuiab\u00e1, em raz\u00e3o de seu envolvimento na organiza\u00e7\u00e3o e implanta\u00e7\u00e3o do Espa\u00e7o \"Ser Fam\u00edlia Crian\u00e7a\" e pelo bom desempenho profissional.","observacao":"","resultado":"","texto_original":"http://sapl.barradogarcas.mt.leg.br/media/sapl/public/materialegislativa/2026/5081/mocao_024_-_pebinha_-_ser_familia.pdf","data_ultima_atualizacao":"2026-04-07T17:37:25.902073-03:00","ip":"45.228.105.12","ultima_edicao":"2026-04-06T17:14:50.081848-03:00","tipo":7,"regime_tramitacao":1,"tipo_origem_externa":null,"local_origem_externa":null,"user":38,"anexadas":[],"autores":[15]}