{"id":5055,"__str__":"Indica\u00e7\u00e3o n\u00ba 64 de 2026","link_detail_backend":"/materia/5055","metadata":{"signs":{"texto_original":{"admin":[],"autores":[["Alessandro Matos do Nascimento",["2026-03-27T07:44:34-03:00","ICP-Brasil - AC SyngularID Multipla"]]]}}},"numero":64,"ano":2026,"numero_protocolo":null,"data_apresentacao":"2026-03-27","tipo_apresentacao":"E","data_publicacao":null,"numero_origem_externa":"","ano_origem_externa":null,"data_origem_externa":null,"apelido":"","dias_prazo":null,"data_fim_prazo":null,"em_tramitacao":true,"polemica":false,"objeto":"","complementar":false,"ementa":"Indica ao Chefe do Poder Executivo Municipal, com c\u00f3pia \u00e0 Secretaria de Desenvolvimento Urbano e Sustent\u00e1vel, que sejam adotadas as provid\u00eancias necess\u00e1rias para a execu\u00e7\u00e3o de obras de pavimenta\u00e7\u00e3o asf\u00e1ltica na Rua Amazonas, em sua continuidade ap\u00f3s a Feira Municipal, abrangendo o trecho da Avenida Amazonas at\u00e9 a rotat\u00f3ria localizada ap\u00f3s a \u00e1rea da feira, visando a melhoria da mobilidade urbana, da seguran\u00e7a vi\u00e1ria e da infraestrutura urbana do munic\u00edpio.","indexacao":"Indica ao Chefe do Poder Executivo Municipal, com c\u00f3pia \u00e0 Secretaria de Desenvolvimento Urbano e Sustent\u00e1vel, que sejam adotadas as provid\u00eancias necess\u00e1rias para a execu\u00e7\u00e3o de obras de pavimenta\u00e7\u00e3o asf\u00e1ltica na Rua Amazonas, em sua continuidade ap\u00f3s a Feira Municipal, abrangendo o trecho da Avenida Amazonas at\u00e9 a rotat\u00f3ria localizada ap\u00f3s a \u00e1rea da feira, visando a melhoria da mobilidade urbana, da seguran\u00e7a vi\u00e1ria e da infraestrutura urbana do munic\u00edpio.","observacao":"","resultado":"","texto_original":"http://sapl.barradogarcas.mt.leg.br/media/sapl/public/materialegislativa/2026/5055/indicacao_064_-_alex_matos__pavimentacao_asfaltica_da_rua_amazonas_continuidade_apos_a_feira_municipal_ate_a_rotatoria_da_avenida_amazonas.pdf","data_ultima_atualizacao":"2026-04-14T14:39:29.163855-03:00","ip":"45.228.105.12","ultima_edicao":"2026-03-30T16:57:07.139371-03:00","tipo":8,"regime_tramitacao":1,"tipo_origem_externa":null,"local_origem_externa":null,"user":38,"anexadas":[],"autores":[1]}