{"id":4989,"__str__":"Mo\u00e7\u00e3o n\u00ba 10 de 2026","link_detail_backend":"/materia/4989","metadata":{"signs":{"texto_original":{"admin":[],"autores":[["Maria Silvania Araujo Ramos",["2026-03-06T12:20:06-03:00","ICP-Brasil - Certificado PF A1"]]]}}},"numero":10,"ano":2026,"numero_protocolo":null,"data_apresentacao":"2026-03-09","tipo_apresentacao":"E","data_publicacao":null,"numero_origem_externa":"","ano_origem_externa":null,"data_origem_externa":null,"apelido":"","dias_prazo":null,"data_fim_prazo":null,"em_tramitacao":true,"polemica":false,"objeto":"","complementar":false,"ementa":"Cumprimento e congratulo Natalia Aparecida Pereira de Souza, psic\u00f3loga, parceira da Mensa Brasil e psic\u00f3loga aplicadora de testes, pela dedica\u00e7\u00e3o, compet\u00eancia t\u00e9cnica e contribui\u00e7\u00e3o decisiva na realiza\u00e7\u00e3o do Evento de Forma\u00e7\u00e3o de Professores, promovido pela Escola do Legislativo, em parceria com a Prefeitura Municipal e com a Mensa Brasil, realizado nos dias 25, 26 e 27 de fevereiro de 2026, cujo \u00eaxito refletiu a qualidade do trabalho desenvolvido e o compromisso com a educa\u00e7\u00e3o e com o desenvolvimento do potencial humano.","indexacao":"Cumprimento e congratulo Natalia Aparecida Pereira de Souza, psic\u00f3loga, parceira da Mensa Brasil e psic\u00f3loga aplicadora de testes, pela dedica\u00e7\u00e3o, compet\u00eancia t\u00e9cnica e contribui\u00e7\u00e3o decisiva na realiza\u00e7\u00e3o do Evento de Forma\u00e7\u00e3o de Professores, promovido pela Escola do Legislativo, em parceria com a Prefeitura Municipal e com a Mensa Brasil, realizado nos dias 25, 26 e 27 de fevereiro de 2026, cujo \u00eaxito refletiu a qualidade do trabalho desenvolvido e o compromisso com a educa\u00e7\u00e3o e com o desenvolvimento do potencial humano.","observacao":"","resultado":"","texto_original":"http://sapl.barradogarcas.mt.leg.br/media/sapl/public/materialegislativa/2026/4989/mocao_de_aplausos_010_-_maria_silvania-_psicologa_-_natalia_aparecida_pereira_da_souza_1.pdf","data_ultima_atualizacao":"2026-03-18T15:09:21.547665-03:00","ip":"45.228.105.12","ultima_edicao":"2026-03-09T16:58:43.366849-03:00","tipo":7,"regime_tramitacao":1,"tipo_origem_externa":null,"local_origem_externa":null,"user":38,"anexadas":[],"autores":[86]}