{"id":4947,"__str__":"Projeto de Lei Ordin\u00e1ria n\u00ba 12 de 2026","link_detail_backend":"/materia/4947","metadata":{},"numero":12,"ano":2026,"numero_protocolo":null,"data_apresentacao":"2026-02-13","tipo_apresentacao":"E","data_publicacao":null,"numero_origem_externa":"","ano_origem_externa":null,"data_origem_externa":null,"apelido":"","dias_prazo":null,"data_fim_prazo":null,"em_tramitacao":false,"polemica":false,"objeto":"","complementar":false,"ementa":"Disp\u00f5e sobre a cria\u00e7\u00e3o do Espa\u00e7o Ser Crian\u00e7a \"Eur\u00eddice Gomes da Silva\", equipamento de Programa Social do Munic\u00edpio, e d\u00e1 outras provid\u00eancias.","indexacao":"Fica criado o Espa\u00e7o Ser Crian\u00e7a \"Eur\u00eddice Gomes da Silva\", equipamento de Programa Social do Munic\u00edpio, destinado a oferta, no contra turno da escola, a servi\u00e7os para crian\u00e7as em situa\u00e7\u00e3o de vulnerabilidade e alto risco social e para filhos de imigrantes ou refugiados, legalizados ou n\u00e3o, nas mesmas condi\u00e7\u00f5es, residentes no munic\u00edpio, auxiliando-os na supera\u00e7\u00e3o de tais fatores.","observacao":"","resultado":"","texto_original":"http://sapl.barradogarcas.mt.leg.br/media/sapl/public/materialegislativa/2026/4947/pl_012_de_06_de_fevereiro_de_2026_executivo.pdf","data_ultima_atualizacao":"2026-02-24T14:17:54.852324-03:00","ip":"45.228.104.65","ultima_edicao":"2026-02-19T14:05:56.613060-03:00","tipo":9,"regime_tramitacao":1,"tipo_origem_externa":null,"local_origem_externa":null,"user":34,"anexadas":[],"autores":[63]}