{"id":4933,"__str__":"Mo\u00e7\u00e3o n\u00ba 3 de 2026","link_detail_backend":"/materia/4933","metadata":{"signs":{"texto_original":{"admin":[],"autores":[["Adilson Tavares Lopes",["2026-02-11T17:32:04-03:00","ICP-Brasil"]]]}}},"numero":3,"ano":2026,"numero_protocolo":null,"data_apresentacao":"2026-02-11","tipo_apresentacao":"E","data_publicacao":null,"numero_origem_externa":"","ano_origem_externa":null,"data_origem_externa":null,"apelido":"","dias_prazo":null,"data_fim_prazo":null,"em_tramitacao":true,"polemica":false,"objeto":"","complementar":false,"ementa":"Cumprimento e parabenizo a Tenente-Coronel PM Val\u00e9ria Fleck, em raz\u00e3o de sua nomea\u00e7\u00e3o para a fun\u00e7\u00e3o de Comandante do Batalh\u00e3o de For\u00e7a T\u00e1tica Capital, bem como pelos relevantes e valorosos servi\u00e7os prestados \u00e0 Pol\u00edcia Militar do Estado de Mato Grosso e \u00e0 seguran\u00e7a p\u00fablica.","indexacao":"Cumprimento e parabenizo a Tenente-Coronel PM Val\u00e9ria Fleck, em raz\u00e3o de sua nomea\u00e7\u00e3o para a fun\u00e7\u00e3o de Comandante do Batalh\u00e3o de For\u00e7a T\u00e1tica Capital, bem como pelos relevantes e valorosos servi\u00e7os prestados \u00e0 Pol\u00edcia Militar do Estado de Mato Grosso e \u00e0 seguran\u00e7a p\u00fablica.","observacao":"","resultado":"","texto_original":"http://sapl.barradogarcas.mt.leg.br/media/sapl/public/materialegislativa/2026/4933/mocao_de_aplausos__003_-_adilson_-_tenente-coronel_pm_valeria.pdf","data_ultima_atualizacao":"2026-02-26T16:09:28.508186-03:00","ip":"45.228.105.12","ultima_edicao":"2026-02-25T12:47:18.714095-03:00","tipo":7,"regime_tramitacao":1,"tipo_origem_externa":null,"local_origem_externa":null,"user":38,"anexadas":[],"autores":[72]}