{"id":4932,"__str__":"Mo\u00e7\u00e3o n\u00ba 5 de 2026","link_detail_backend":"/materia/4932","metadata":{"signs":{"texto_original":{"admin":[],"autores":[["Geralmino Alves Rodrigues Neto",["2026-02-12T14:25:18-03:00","ICP-Brasil"]]]}}},"numero":5,"ano":2026,"numero_protocolo":null,"data_apresentacao":"2026-02-12","tipo_apresentacao":"E","data_publicacao":null,"numero_origem_externa":"","ano_origem_externa":null,"data_origem_externa":null,"apelido":"","dias_prazo":null,"data_fim_prazo":null,"em_tramitacao":true,"polemica":false,"objeto":"","complementar":false,"ementa":"A C\u00e2mara Municipal de Barra do Gar\u00e7as, por iniciativa do Vereador Dr. Neto, manifesta Mo\u00e7\u00e3o de Aplausos, de forma individual e coletiva, a todos os organizadores, estabelecimentos participantes, vencedores do concurso gastron\u00f4mico, artistas e apoiadores da 1\u00aa Feira Gastron\u00f4mica de Barra do Gar\u00e7as, realizada no dia 7 de fevereiro de 2026, no Porto do Ba\u00e9, em reconhecimento \u00e0 relevante contribui\u00e7\u00e3o cultural, social e econ\u00f4mica prestada ao \r\nMunic\u00edpio.","indexacao":"A C\u00e2mara Municipal de Barra do Gar\u00e7as, por iniciativa do Vereador Dr. Neto, manifesta Mo\u00e7\u00e3o de Aplausos, de forma individual e coletiva, a todos os organizadores, estabelecimentos participantes, vencedores do concurso gastron\u00f4mico, artistas e apoiadores da 1\u00aa Feira Gastron\u00f4mica de Barra do Gar\u00e7as, realizada no dia 7 de fevereiro de 2026, no Porto do Ba\u00e9, em reconhecimento \u00e0 relevante contribui\u00e7\u00e3o cultural, social e econ\u00f4mica prestada ao \r\nMunic\u00edpio.","observacao":"","resultado":"","texto_original":"http://sapl.barradogarcas.mt.leg.br/media/sapl/public/materialegislativa/2026/4932/mocao_de_aplausos_005_-_neto_-_feira_gastronomica_1.pdf","data_ultima_atualizacao":"2026-02-26T16:09:28.976042-03:00","ip":"45.228.105.12","ultima_edicao":"2026-02-25T12:53:36.980595-03:00","tipo":7,"regime_tramitacao":1,"tipo_origem_externa":null,"local_origem_externa":null,"user":38,"anexadas":[],"autores":[51]}