{"id":4770,"__str__":"Mo\u00e7\u00e3o n\u00ba 167 de 2025","link_detail_backend":"/materia/4770","metadata":{"signs":{"texto_original":{"admin":[],"autores":[["Maria Silvania Araujo Ramos",["2025-11-18T17:46:01-03:00","ICP-Brasil"]]]}}},"numero":167,"ano":2025,"numero_protocolo":null,"data_apresentacao":"2025-11-24","tipo_apresentacao":"E","data_publicacao":null,"numero_origem_externa":"","ano_origem_externa":null,"data_origem_externa":null,"apelido":"","dias_prazo":null,"data_fim_prazo":null,"em_tramitacao":true,"polemica":false,"objeto":"","complementar":false,"ementa":"Cumprimento e parabenizo o atleta Vitor Ferreira dos Santos, vice-campe\u00e3o no Campeonato de Cross Country realizado na Col\u00f4mbia na \u00faltima semana, bem como seu t\u00e9cnico, Professor Sivirino Souza dos Santos, e o auxiliar t\u00e9cnico Ademilson de Moraes Santana, pelos resultados expressivos que elevaram o nome de Barra do Gar\u00e7as no cen\u00e1rio esportivo internacional","indexacao":"Cumprimento e parabenizo o atleta Vitor Ferreira dos Santos, vice-campe\u00e3o no Campeonato de Cross Country realizado na Col\u00f4mbia na \u00faltima semana, bem como seu t\u00e9cnico, Professor Sivirino Souza dos Santos, e o auxiliar t\u00e9cnico Ademilson de Moraes Santana, pelos resultados expressivos que elevaram o nome de Barra do Gar\u00e7as no cen\u00e1rio esportivo internacional","observacao":"","resultado":"","texto_original":"http://sapl.barradogarcas.mt.leg.br/media/sapl/public/materialegislativa/2025/4770/mocao_167-_maria_silvania_araujo_ramos_-_vitor_ferreira.pdf","data_ultima_atualizacao":"2025-11-27T18:19:10.020594-03:00","ip":"45.228.105.12","ultima_edicao":"2025-11-24T17:34:25.539259-03:00","tipo":7,"regime_tramitacao":1,"tipo_origem_externa":null,"local_origem_externa":null,"user":38,"anexadas":[],"autores":[86]}