{"id":4605,"__str__":"Mo\u00e7\u00e3o n\u00ba 132 de 2025","link_detail_backend":"/materia/4605","metadata":{"signs":{"texto_original":{"admin":[],"autores":[["Alessandro Matos do Nascimento",["2025-09-25T13:01:54-03:00","ICP-Brasil - AC SyngularID Multipla"]]]}}},"numero":132,"ano":2025,"numero_protocolo":null,"data_apresentacao":"2025-09-25","tipo_apresentacao":"E","data_publicacao":null,"numero_origem_externa":"","ano_origem_externa":null,"data_origem_externa":null,"apelido":"","dias_prazo":null,"data_fim_prazo":null,"em_tramitacao":true,"polemica":false,"objeto":"","complementar":false,"ementa":"Cumprimento e parabenizo o Excelent\u00edssimo Senhor Secret\u00e1rio de Estado de Ci\u00eancia, Tecnologia e Inova\u00e7\u00e3o, Allan Kardec Pinto Acosta Benitez, em reconhecimento ao trabalho exemplar e transformador que vem desenvolvendo em nossa regi\u00e3o. Sua gest\u00e3o tem sido fundamental para a gera\u00e7\u00e3o de oportunidades de profissionaliza\u00e7\u00e3o para os jovens de Barra do Gar\u00e7as e de todo o entorno.","indexacao":"","observacao":"","resultado":"","texto_original":"http://sapl.barradogarcas.mt.leg.br/media/sapl/public/materialegislativa/2025/4605/mocao_132-_alex_matos_-allan_kardec_1.pdf","data_ultima_atualizacao":"2025-10-02T09:40:57.120157-03:00","ip":"45.228.104.65","ultima_edicao":"2025-09-25T16:37:20.941185-03:00","tipo":7,"regime_tramitacao":1,"tipo_origem_externa":null,"local_origem_externa":null,"user":85,"anexadas":[],"autores":[1]}