{"id":4537,"__str__":"Projeto de Lei Ordin\u00e1ria (origem: Legislativo) n\u00ba 53 de 2025","link_detail_backend":"/materia/4537","metadata":{},"numero":53,"ano":2025,"numero_protocolo":null,"data_apresentacao":"2025-09-03","tipo_apresentacao":"E","data_publicacao":null,"numero_origem_externa":"","ano_origem_externa":null,"data_origem_externa":null,"apelido":"","dias_prazo":null,"data_fim_prazo":null,"em_tramitacao":false,"polemica":false,"objeto":"","complementar":false,"ementa":"Declara a Feira Livre de Barra do Gar\u00e7as como Patrim\u00f4nio Cultural Imaterial do Munic\u00edpio, e d\u00e1 outras provid\u00eancias.","indexacao":"Fica declarada como Patrim\u00f4nio Cultural Imaterial do Munic\u00edpio de Barra do Gar\u00e7as \u2013 MT, nos termos da Lei n\u00ba 4.950, de 2025, a Feira Livre Municipal, realizada tradicionalmente no centro da cidade e nos bairros, por seu reconhecido valor hist\u00f3rico, cultural, social e econ\u00f4mico.","observacao":"","resultado":"","texto_original":"http://sapl.barradogarcas.mt.leg.br/media/sapl/public/materialegislativa/2025/4537/pl_053_de_02_de_setembro_de_2025_legislativo.pdf","data_ultima_atualizacao":"2025-09-23T14:02:42.397096-03:00","ip":"45.228.105.12","ultima_edicao":"2025-09-05T12:19:41.917568-03:00","tipo":1,"regime_tramitacao":1,"tipo_origem_externa":null,"local_origem_externa":null,"user":38,"anexadas":[],"autores":[80]}