{"id":4535,"__str__":"Projeto de Resolu\u00e7\u00e3o n\u00ba 29 de 2025","link_detail_backend":"/materia/4535","metadata":{},"numero":29,"ano":2025,"numero_protocolo":null,"data_apresentacao":"2025-09-03","tipo_apresentacao":"E","data_publicacao":null,"numero_origem_externa":"","ano_origem_externa":null,"data_origem_externa":null,"apelido":"","dias_prazo":null,"data_fim_prazo":null,"em_tramitacao":false,"polemica":false,"objeto":"","complementar":false,"ementa":"Outorga o T\u00edtulo de Cidad\u00e3o Barra-garcense ao Sr. Joaquim Pereira da Cruz.","indexacao":"Fica concedido o T\u00edtulo de Cidad\u00e3o Barra-garcense ao Sr. Joaquim Pereira da Cruz, em reconhecimento aos relevantes servi\u00e7os prestados ao Munic\u00edpio de Barra do Gar\u00e7as \u2013 MT.","observacao":"","resultado":"","texto_original":"http://sapl.barradogarcas.mt.leg.br/media/sapl/public/materialegislativa/2025/4535/pr_029_de_02_de_setembro_de_2025.pdf","data_ultima_atualizacao":"2025-09-09T16:26:55.701914-03:00","ip":"45.228.105.12","ultima_edicao":"2025-09-08T15:41:34.907083-03:00","tipo":2,"regime_tramitacao":2,"tipo_origem_externa":null,"local_origem_externa":null,"user":38,"anexadas":[],"autores":[81,80,50,1]}