{"id":4509,"__str__":"Requerimento n\u00ba 28 de 2025","link_detail_backend":"/materia/4509","metadata":{"signs":{"texto_original":{"admin":[],"autores":[["Armando Alves Brito",["2025-08-28T12:23:51-03:00","ICP-Brasil"]]]}}},"numero":28,"ano":2025,"numero_protocolo":null,"data_apresentacao":"2025-08-28","tipo_apresentacao":"E","data_publicacao":null,"numero_origem_externa":"","ano_origem_externa":null,"data_origem_externa":null,"apelido":"","dias_prazo":null,"data_fim_prazo":null,"em_tramitacao":true,"polemica":false,"objeto":"","complementar":false,"ementa":"Requeiro seja encaminhado expediente ao Excelent\u00edssimo Senhor Prefeito Municipal de Barra do Gar\u00e7as, para que sejam adotadas as provid\u00eancias necess\u00e1rias para o fiel cumprimento do disposto no C\u00f3digo de Posturas do Munic\u00edpio de Barra do Gar\u00e7as, com reda\u00e7\u00e3o dada pela Lei Complementar n\u00ba 127/2010, e altera\u00e7\u00f5es posteriores, especialmente pela Lei Complementar n\u00ba 237/2018, no que se refere ao uso de som em estabelecimentos comerciais.","indexacao":"Requeiro seja encaminhado expediente ao Excelent\u00edssimo Senhor Prefeito Municipal de Barra do Gar\u00e7as, para que sejam adotadas as provid\u00eancias necess\u00e1rias para o fiel cumprimento do disposto no C\u00f3digo de Posturas do Munic\u00edpio de Barra do Gar\u00e7as, com reda\u00e7\u00e3o dada pela Lei Complementar n\u00ba 127/2010, e altera\u00e7\u00f5es posteriores, especialmente pela Lei Complementar n\u00ba 237/2018, no que se refere ao uso de som em estabelecimentos comerciais.","observacao":"","resultado":"","texto_original":"http://sapl.barradogarcas.mt.leg.br/media/sapl/public/materialegislativa/2025/4509/requerimento_028-_armando_alves.pdf","data_ultima_atualizacao":"2025-09-04T16:37:35.527215-03:00","ip":"45.228.105.12","ultima_edicao":"2025-08-28T13:38:28.163317-03:00","tipo":3,"regime_tramitacao":1,"tipo_origem_externa":null,"local_origem_externa":null,"user":82,"anexadas":[],"autores":[82]}