{"id":4501,"__str__":"Indica\u00e7\u00e3o n\u00ba 365 de 2025","link_detail_backend":"/materia/4501","metadata":{"signs":{"texto_original":{"admin":[],"autores":[["Ronair de Jesus Nunes",["2025-08-25T16:26:31-03:00","ICP-Brasil"]]]}}},"numero":365,"ano":2025,"numero_protocolo":null,"data_apresentacao":"2025-08-25","tipo_apresentacao":"","data_publicacao":null,"numero_origem_externa":"","ano_origem_externa":null,"data_origem_externa":null,"apelido":"","dias_prazo":null,"data_fim_prazo":null,"em_tramitacao":true,"polemica":false,"objeto":"","complementar":false,"ementa":"Indica \u00e0 Secretaria Municipal de Infraestrutura e Servi\u00e7os, em conjunto com a Secretaria Municipal de Meio Ambiente e o setor respons\u00e1vel pelo Patrim\u00f4nio Hist\u00f3rico, a realiza\u00e7\u00e3o dos servi\u00e7os de limpeza, restaura\u00e7\u00e3o, pintura e jardinagem na Pra\u00e7a da Pedra, localizada na Travessa Alexandrina Gomes, n\u00ba 75 \u2013 Setor Sul I, com a finalidade de revitalizar o espa\u00e7o p\u00fablico, conservar o patrim\u00f4nio hist\u00f3rico existente e oferecer um ambiente agrad\u00e1vel e seguro para a comunidade.","indexacao":"Indica \u00e0 Secretaria Municipal de Infraestrutura e Servi\u00e7os, em conjunto com a Secretaria Municipal de Meio Ambiente e o setor respons\u00e1vel pelo Patrim\u00f4nio Hist\u00f3rico, a realiza\u00e7\u00e3o dos servi\u00e7os de limpeza, restaura\u00e7\u00e3o, pintura e jardinagem na Pra\u00e7a da Pedra, localizada na Travessa Alexandrina Gomes, n\u00ba 75 \u2013 Setor Sul I, com a finalidade de revitalizar o espa\u00e7o p\u00fablico, conservar o patrim\u00f4nio hist\u00f3rico existente e oferecer um ambiente agrad\u00e1vel e seguro para a comunidade.","observacao":"","resultado":"","texto_original":"http://sapl.barradogarcas.mt.leg.br/media/sapl/public/materialegislativa/2025/4501/indicacao_365-_ronair_nunes_-_praca_da_pedra_1.pdf","data_ultima_atualizacao":"2025-08-28T14:40:13.758943-03:00","ip":"45.228.105.12","ultima_edicao":"2025-08-25T17:14:23.085883-03:00","tipo":8,"regime_tramitacao":1,"tipo_origem_externa":8,"local_origem_externa":null,"user":38,"anexadas":[],"autores":[52]}