{"id":4465,"__str__":"Mo\u00e7\u00e3o n\u00ba 108 de 2025","link_detail_backend":"/materia/4465","metadata":{"signs":{"texto_original":{"admin":[],"autores":[["Elton Melo Marques",["2025-08-20T17:59:36-03:00","ICP-Brasil"]]]}}},"numero":108,"ano":2025,"numero_protocolo":null,"data_apresentacao":"2025-08-21","tipo_apresentacao":"E","data_publicacao":null,"numero_origem_externa":"","ano_origem_externa":null,"data_origem_externa":null,"apelido":"","dias_prazo":null,"data_fim_prazo":null,"em_tramitacao":true,"polemica":false,"objeto":"","complementar":false,"ementa":"Cumprimento e parabenizo a Sra. Ana Paula Pereira Brito, entrevistadora do Cadastro \u00danico/Bolsa Fam\u00edlia no CRAS, que desempenha um brilhante servi\u00e7o \u00e0 popula\u00e7\u00e3o Barra-Garcense, reconhecendo o trabalho prestado com dedica\u00e7\u00e3o e excel\u00eancia.","indexacao":"Cumprimento e parabenizo a Sra. Ana Paula Pereira Brito, entrevistadora do Cadastro \u00danico/Bolsa Fam\u00edlia no CRAS, que desempenha um brilhante servi\u00e7o \u00e0 popula\u00e7\u00e3o Barra-Garcense, reconhecendo o trabalho prestado com dedica\u00e7\u00e3o e excel\u00eancia.","observacao":"","resultado":"","texto_original":"http://sapl.barradogarcas.mt.leg.br/media/sapl/public/materialegislativa/2025/4465/mocao_108-_elton_melo-_ana_paula_pereira_brito_cras1.pdf","data_ultima_atualizacao":"2025-08-28T14:41:22.681250-03:00","ip":"45.228.105.12","ultima_edicao":"2025-08-25T17:21:48.684420-03:00","tipo":7,"regime_tramitacao":1,"tipo_origem_externa":null,"local_origem_externa":null,"user":38,"anexadas":[],"autores":[80]}