{"id":4435,"__str__":"Projeto de Lei Ordin\u00e1ria (origem: Legislativo) n\u00ba 49 de 2025","link_detail_backend":"/materia/4435","metadata":{},"numero":49,"ano":2025,"numero_protocolo":null,"data_apresentacao":"2025-08-11","tipo_apresentacao":"E","data_publicacao":null,"numero_origem_externa":"","ano_origem_externa":null,"data_origem_externa":null,"apelido":"","dias_prazo":null,"data_fim_prazo":null,"em_tramitacao":false,"polemica":false,"objeto":"","complementar":false,"ementa":"Disp\u00f5e sobre a denomina\u00e7\u00e3o da Escola Estadual Dom Jos\u00e9 Selva para Escola Municipal Jo\u00e3o Gomes de Castro.","indexacao":"Fica atribu\u00edda a denomina\u00e7\u00e3o Escola Municipal Jo\u00e3o Gomes de Castro \u00e0 unidade de ensino municipal situada no pr\u00e9dio da antiga Escola Estadual Dom Jos\u00e9 Selva, localizada na Rua Independ\u00eancia, no bairro Campinas, no Munic\u00edpio de Barra do Gar\u00e7as \u2013 MT.","observacao":"","resultado":"","texto_original":"http://sapl.barradogarcas.mt.leg.br/media/sapl/public/materialegislativa/2025/4435/pl_049_de_11_de_agosto_de_2025_legislativo.pdf","data_ultima_atualizacao":"2025-08-12T13:43:00.628601-03:00","ip":"45.228.105.160","ultima_edicao":"2025-08-11T15:52:56.109371-03:00","tipo":1,"regime_tramitacao":1,"tipo_origem_externa":null,"local_origem_externa":null,"user":34,"anexadas":[],"autores":[72,81,82,83,45,51,13,80,84,50,15,1,86,52,49]}