{"id":4417,"__str__":"Indica\u00e7\u00e3o n\u00ba 342 de 2025","link_detail_backend":"/materia/4417","metadata":{"signs":{"texto_original":{"admin":[],"autores":[["Geralmino Alves Rodrigues Neto",["2025-08-05T16:38:39-03:00","ICP-Brasil"]]]}}},"numero":342,"ano":2025,"numero_protocolo":null,"data_apresentacao":"2025-08-05","tipo_apresentacao":"E","data_publicacao":null,"numero_origem_externa":"","ano_origem_externa":null,"data_origem_externa":null,"apelido":"","dias_prazo":null,"data_fim_prazo":null,"em_tramitacao":true,"polemica":false,"objeto":"","complementar":false,"ementa":"Indica \u00e0 Secretaria de Desenvolvimento Urbano e Sustent\u00e1vel a realiza\u00e7\u00e3o, com urg\u00eancia, do recapeamento da via lateral \u00e0 Feira Coberta, local amplamente utilizado por autoescolas do munic\u00edpio para a realiza\u00e7\u00e3o de aulas pr\u00e1ticas de dire\u00e7\u00e3o veicular.","indexacao":"Indica \u00e0 Secretaria de Desenvolvimento Urbano e Sustent\u00e1vel a realiza\u00e7\u00e3o, com urg\u00eancia, do recapeamento da via lateral \u00e0 Feira Coberta, local amplamente utilizado por autoescolas do munic\u00edpio para a realiza\u00e7\u00e3o de aulas pr\u00e1ticas de dire\u00e7\u00e3o veicular.","observacao":"","resultado":"","texto_original":"http://sapl.barradogarcas.mt.leg.br/media/sapl/public/materialegislativa/2025/4417/indicacao_342-_dr._neto-_recapeamento_feira.pdf","data_ultima_atualizacao":"2025-08-12T18:30:18.316328-03:00","ip":"45.228.105.160","ultima_edicao":"2025-08-05T16:38:02.881341-03:00","tipo":8,"regime_tramitacao":1,"tipo_origem_externa":null,"local_origem_externa":null,"user":23,"anexadas":[],"autores":[51]}