{"id":4413,"__str__":"Indica\u00e7\u00e3o n\u00ba 329 de 2025","link_detail_backend":"/materia/4413","metadata":{"signs":{"texto_original":{"admin":[],"autores":[["Maria Silvania Araujo Ramos",["2025-08-04T15:47:24-03:00","ICP-Brasil"]]]}}},"numero":329,"ano":2025,"numero_protocolo":null,"data_apresentacao":"2025-08-04","tipo_apresentacao":"E","data_publicacao":null,"numero_origem_externa":"","ano_origem_externa":null,"data_origem_externa":null,"apelido":"","dias_prazo":null,"data_fim_prazo":null,"em_tramitacao":true,"polemica":false,"objeto":"","complementar":false,"ementa":"Indica \u00e0 Prefeitura de Barra do Gar\u00e7as-MT, por meio do Prefeito Dr. Adilson Gon\u00e7alves de Macedo, que a Escola Dom Jos\u00e9 Selva, doada ao Munic\u00edpio de Barra do Gar\u00e7as, receba o nome de Escola Jo\u00e3o Gomes de Castro.","indexacao":"","observacao":"","resultado":"","texto_original":"http://sapl.barradogarcas.mt.leg.br/media/sapl/public/materialegislativa/2025/4413/indicacao_329-_maria_silvania_araujo-_escola_dom_jose_selva.pdf","data_ultima_atualizacao":"2025-08-05T17:35:04.391148-03:00","ip":"45.228.105.12","ultima_edicao":"2025-08-05T14:40:52.922257-03:00","tipo":8,"regime_tramitacao":1,"tipo_origem_externa":null,"local_origem_externa":null,"user":38,"anexadas":[],"autores":[86]}