{"id":4395,"__str__":"Indica\u00e7\u00e3o n\u00ba 333 de 2025","link_detail_backend":"/materia/4395","metadata":{"signs":{"texto_original":{"admin":[],"autores":[["Alessandro Matos do Nascimento",["2025-08-01T12:29:22-03:00","ICP-Brasil - AC SyngularID Multipla"]]]}}},"numero":333,"ano":2025,"numero_protocolo":null,"data_apresentacao":"2025-08-04","tipo_apresentacao":"E","data_publicacao":null,"numero_origem_externa":"","ano_origem_externa":2025,"data_origem_externa":null,"apelido":"","dias_prazo":null,"data_fim_prazo":null,"em_tramitacao":true,"polemica":false,"objeto":"","complementar":false,"ementa":"Indica \u00e0 Secretaria de Sa\u00fade a amplia\u00e7\u00e3o do hor\u00e1rio de atendimento da Unidade B\u00e1sica de Sa\u00fade (UBS) do bairro Anchieta, para que funcione at\u00e9 \u00e0s 00 horas (meia-noite), visando melhor atendimento \u00e0 popula\u00e7\u00e3o local.","indexacao":"","observacao":"","resultado":"","texto_original":"http://sapl.barradogarcas.mt.leg.br/media/sapl/public/materialegislativa/2025/4395/indicacao_333_-_alex_matos_-_ubs_anchieta.pdf","data_ultima_atualizacao":"2025-08-05T17:35:06.053734-03:00","ip":"45.228.105.12","ultima_edicao":"2025-08-05T14:52:55.215089-03:00","tipo":8,"regime_tramitacao":1,"tipo_origem_externa":8,"local_origem_externa":null,"user":38,"anexadas":[],"autores":[1]}