{"id":4361,"__str__":"Mo\u00e7\u00e3o n\u00ba 69 de 2025","link_detail_backend":"/materia/4361","metadata":{"signs":{"texto_original":{"admin":[],"autores":[["Geralmino Alves Rodrigues Neto",["2025-06-23T14:13:13-03:00","ICP-Brasil"]]]}}},"numero":69,"ano":2025,"numero_protocolo":null,"data_apresentacao":"2025-06-23","tipo_apresentacao":"E","data_publicacao":null,"numero_origem_externa":"","ano_origem_externa":null,"data_origem_externa":null,"apelido":"","dias_prazo":null,"data_fim_prazo":null,"em_tramitacao":true,"polemica":false,"objeto":"","complementar":false,"ementa":"Cumprimento e parabenizo, in memoriam, os valorosos Aviadores Veteranos que, ao longo de suas trajet\u00f3rias, dedicaram suas vidas \u00e0 avia\u00e7\u00e3o, contribuindo significativamente para o desenvolvimento e fortalecimento desse setor em nossa regi\u00e3o e no pa\u00eds. Pilotos, ex-pilotos e profissionais da \u00e1rea, essas personalidades deixaram um legado de coragem, pioneirismo, t\u00e9cnica e paix\u00e3o pelo voo.","indexacao":"Cumprimento e parabenizo, in memoriam, os valorosos Aviadores Veteranos que, ao longo de suas trajet\u00f3rias, dedicaram suas vidas \u00e0 avia\u00e7\u00e3o, contribuindo significativamente para o desenvolvimento e fortalecimento desse setor em nossa regi\u00e3o e no pa\u00eds. Pilotos, ex-pilotos e profissionais da \u00e1rea, essas personalidades deixaram um legado de coragem, pioneirismo, t\u00e9cnica e paix\u00e3o pelo voo.","observacao":"","resultado":"","texto_original":"http://sapl.barradogarcas.mt.leg.br/media/sapl/public/materialegislativa/2025/4361/mocao_069-_dr.neto_-_aviacao.pdf","data_ultima_atualizacao":"2025-08-07T08:53:31.796828-03:00","ip":"45.228.105.160","ultima_edicao":"2025-06-23T14:14:06.452949-03:00","tipo":7,"regime_tramitacao":1,"tipo_origem_externa":null,"local_origem_externa":null,"user":23,"anexadas":[],"autores":[51]}