{"id":4279,"__str__":"Projeto de Lei Ordin\u00e1ria (origem: Legislativo) n\u00ba 36 de 2025","link_detail_backend":"/materia/4279","metadata":{},"numero":36,"ano":2025,"numero_protocolo":null,"data_apresentacao":"2025-05-23","tipo_apresentacao":"E","data_publicacao":null,"numero_origem_externa":"","ano_origem_externa":null,"data_origem_externa":null,"apelido":"","dias_prazo":null,"data_fim_prazo":null,"em_tramitacao":true,"polemica":false,"objeto":"","complementar":false,"ementa":"Disp\u00f5e sobre a altera\u00e7\u00e3o da Lei Municipal n\u00ba 4.487/2022, a fim de inserir no Calend\u00e1rio Oficial de Eventos de Barra do Gar\u00e7as-MT a festividade que menciona.","indexacao":"Fica inserida no Calend\u00e1rio Oficial de Eventos Tur\u00edsticos do Munic\u00edpio de Barra do Gar\u00e7as (Lei n\u00ba 4.487, de 28 de junho de 2022), a Corrida pela Vida, a ser comemorada, preferencialmente, no segundo domingo do m\u00eas de junho de cada ano.","observacao":"","resultado":"","texto_original":"http://sapl.barradogarcas.mt.leg.br/media/sapl/public/materialegislativa/2025/4279/pl_036_de_21_de_maio_de_2025_legislativo.pdf","data_ultima_atualizacao":"2026-02-09T15:16:10.893606-03:00","ip":"45.228.105.12","ultima_edicao":"2025-05-26T14:10:23.448791-03:00","tipo":1,"regime_tramitacao":1,"tipo_origem_externa":null,"local_origem_externa":null,"user":38,"anexadas":[],"autores":[86]}