{"id":4235,"__str__":"Indica\u00e7\u00e3o n\u00ba 271 de 2025","link_detail_backend":"/materia/4235","metadata":{"signs":{"texto_original":{"admin":[],"autores":[["Jaime Rodrigues Neto",["2025-05-19T15:55:44-04:00","ICP-Brasil"]]]}}},"numero":271,"ano":2025,"numero_protocolo":null,"data_apresentacao":"2025-05-14","tipo_apresentacao":"","data_publicacao":null,"numero_origem_externa":"","ano_origem_externa":null,"data_origem_externa":null,"apelido":"","dias_prazo":null,"data_fim_prazo":null,"em_tramitacao":true,"polemica":false,"objeto":"","complementar":false,"ementa":"Indica ao Chefe do Poder Executivo Municipal, com c\u00f3pia a Secretaria de Infraestrutura e Servi\u00e7os, que sejam adotadas as provid\u00eancias necess\u00e1rias para a revitaliza\u00e7\u00e3o da Pra\u00e7a Sebasti\u00e3o Alves J\u00fanior, com a constru\u00e7\u00e3o de sanit\u00e1rios de uso p\u00fablico e de uma sala destinada ao atendimento dos taxistas que possuem ponto fixo no local.","indexacao":"Indica ao Chefe do Poder Executivo Municipal, com c\u00f3pia a Secretaria de Infraestrutura e Servi\u00e7os, que sejam adotadas as provid\u00eancias necess\u00e1rias para a revitaliza\u00e7\u00e3o da Pra\u00e7a Sebasti\u00e3o Alves J\u00fanior, com a constru\u00e7\u00e3o de sanit\u00e1rios de uso p\u00fablico e de uma sala destinada ao atendimento dos taxistas que possuem ponto fixo no local.","observacao":"","resultado":"","texto_original":"http://sapl.barradogarcas.mt.leg.br/media/sapl/public/materialegislativa/2025/4235/indicacao_271-_jaime_neto_-_praca_sebastiao_junior.pdf","data_ultima_atualizacao":"2025-06-03T17:08:43.784136-03:00","ip":"45.228.105.160","ultima_edicao":"2025-05-19T15:54:26.866831-03:00","tipo":8,"regime_tramitacao":1,"tipo_origem_externa":null,"local_origem_externa":null,"user":25,"anexadas":[],"autores":[50]}