{"id":4194,"__str__":"Projeto de Resolu\u00e7\u00e3o n\u00ba 14 de 2025","link_detail_backend":"/materia/4194","metadata":{},"numero":14,"ano":2025,"numero_protocolo":null,"data_apresentacao":"2025-05-05","tipo_apresentacao":"E","data_publicacao":null,"numero_origem_externa":"","ano_origem_externa":null,"data_origem_externa":null,"apelido":"","dias_prazo":null,"data_fim_prazo":null,"em_tramitacao":false,"polemica":false,"objeto":"","complementar":false,"ementa":"Outorga o T\u00edtulo de Cidad\u00e3o Barra-Garcense ao Sr. Elmo Pimentel.","indexacao":"Fica concedido o T\u00cdTULO DE CIDAD\u00c3O BARRA-GARCENSE ao Sr. ELMO PIMENTEL, em reconhecimento aos relevantes servi\u00e7os prestados ao Munic\u00edpio de Barra do Gar\u00e7as - MT.","observacao":"","resultado":"","texto_original":"http://sapl.barradogarcas.mt.leg.br/media/sapl/public/materialegislativa/2025/4194/pr_014_de_28_de_abril_de_2025_legislativo.pdf","data_ultima_atualizacao":"2025-05-13T14:33:38.168516-03:00","ip":"45.228.105.12","ultima_edicao":"2025-05-05T15:28:45.017892-03:00","tipo":2,"regime_tramitacao":1,"tipo_origem_externa":null,"local_origem_externa":null,"user":38,"anexadas":[],"autores":[50]}