{"id":4193,"__str__":"Projeto de Lei Ordin\u00e1ria (origem: Legislativo) n\u00ba 28 de 2025","link_detail_backend":"/materia/4193","metadata":{},"numero":28,"ano":2025,"numero_protocolo":null,"data_apresentacao":"2025-05-05","tipo_apresentacao":"E","data_publicacao":null,"numero_origem_externa":"","ano_origem_externa":null,"data_origem_externa":null,"apelido":"","dias_prazo":null,"data_fim_prazo":null,"em_tramitacao":false,"polemica":false,"objeto":"","complementar":false,"ementa":"Disp\u00f5e sobre a concess\u00e3o de folga remunerada aos servidores da C\u00e2mara Municipal de Barra do Gar\u00e7as - MT no dia de seu anivers\u00e1rio natal\u00edcio, e d\u00e1 outras provid\u00eancias.","indexacao":"Os servidores p\u00fablicos da C\u00e2mara Municipal de Barra do Gar\u00e7as \u2013 MT ficam autorizados a gozar do benef\u00edcio de uma folga remunerada anual no dia de seu anivers\u00e1rio natal\u00edcio, sem preju\u00edzo de sua remunera\u00e7\u00e3o.","observacao":"","resultado":"","texto_original":"http://sapl.barradogarcas.mt.leg.br/media/sapl/public/materialegislativa/2025/4193/pl_028_de_30_de_abril_de_2025_legislativo.pdf","data_ultima_atualizacao":"2025-05-09T10:43:31.682660-03:00","ip":"45.228.105.160","ultima_edicao":"2025-05-05T15:07:42.469439-03:00","tipo":1,"regime_tramitacao":1,"tipo_origem_externa":null,"local_origem_externa":null,"user":34,"anexadas":[],"autores":[1]}