{"id":4145,"__str__":"Mo\u00e7\u00e3o n\u00ba 48 de 2025","link_detail_backend":"/materia/4145","metadata":{"signs":{"texto_original":{"admin":[],"autores":[["Gabriel Pereira Lopes",["2025-04-24T14:21:15-03:00","ICP-Brasil"]]]}}},"numero":48,"ano":2025,"numero_protocolo":null,"data_apresentacao":"2025-04-24","tipo_apresentacao":"E","data_publicacao":null,"numero_origem_externa":"","ano_origem_externa":null,"data_origem_externa":null,"apelido":"","dias_prazo":null,"data_fim_prazo":null,"em_tramitacao":true,"polemica":false,"objeto":"","complementar":false,"ementa":"Cumprimento e parabenizo o Sr. Celso Jos\u00e9 Reimer J\u00fanior, que foi nomeado para exercer a fun\u00e7\u00e3o de confian\u00e7a de dire\u00e7\u00e3o geral e assessoramento, n\u00edvel DGA-6 LC/266, como Gerente Regional da Unidade Regional de Supervis\u00e3o de Barra do Gar\u00e7as, do Instituto de Defesa Agropecu\u00e1ria do Estado de Mato Grosso \u2013 INDEA-MT.","indexacao":"Cumprimento e parabenizo o Sr. Celso Jos\u00e9 Reimer J\u00fanior, que foi nomeado para exercer a fun\u00e7\u00e3o de confian\u00e7a de dire\u00e7\u00e3o geral e assessoramento, n\u00edvel DGA-6 LC/266, como Gerente Regional da Unidade Regional de Supervis\u00e3o de Barra do Gar\u00e7as, do Instituto de Defesa Agropecu\u00e1ria do Estado de Mato Grosso \u2013 INDEA-MT.","observacao":"","resultado":"","texto_original":"http://sapl.barradogarcas.mt.leg.br/media/sapl/public/materialegislativa/2025/4145/mocao_048-_ze_gota_-_cesar.pdf","data_ultima_atualizacao":"2025-05-30T10:56:10.985729-03:00","ip":"45.228.105.12","ultima_edicao":"2025-04-29T16:26:49.896337-03:00","tipo":7,"regime_tramitacao":1,"tipo_origem_externa":null,"local_origem_externa":null,"user":38,"anexadas":[],"autores":[49]}