{"id":4141,"__str__":"Indica\u00e7\u00e3o n\u00ba 208 de 2025","link_detail_backend":"/materia/4141","metadata":{"signs":{"texto_original":{"admin":[],"autores":[["Bianca Sousa de Freitas Almeida",["2025-04-24T12:51:34-03:00","ICP-Brasil"]]]}}},"numero":208,"ano":2025,"numero_protocolo":null,"data_apresentacao":"2025-04-24","tipo_apresentacao":"E","data_publicacao":null,"numero_origem_externa":"","ano_origem_externa":null,"data_origem_externa":null,"apelido":"","dias_prazo":null,"data_fim_prazo":null,"em_tramitacao":true,"polemica":false,"objeto":"","complementar":false,"ementa":"Indica \u00e0 Secretaria Municipal de Infraestrutura e Servi\u00e7os, a ado\u00e7\u00e3o de provid\u00eancias imediatas para a instala\u00e7\u00e3o de sinaliza\u00e7\u00e3o vertical indicando \u201cSentido Proibido para Caminh\u00f5es\u201d no in\u00edcio da Avenida Ezequiel de Carvalho, no Bairro Toledo, neste munic\u00edpio.","indexacao":"Indica \u00e0 Secretaria Municipal de Infraestrutura e Servi\u00e7os, a ado\u00e7\u00e3o de provid\u00eancias imediatas para a instala\u00e7\u00e3o de sinaliza\u00e7\u00e3o vertical indicando \u201cSentido Proibido para Caminh\u00f5es\u201d no in\u00edcio da Avenida Ezequiel de Carvalho, no Bairro Toledo, neste munic\u00edpio. Justifica-se esta indica\u00e7\u00e3o diante da situa\u00e7\u00e3o de risco e desconforto enfrentada pelos moradores e condutores que transitam diariamente pela referida via. O tr\u00e1fego irregular de caminh\u00f5es tem causado s\u00e9rios transtornos \u00e0 popula\u00e7\u00e3o local, colocando em perigo a seguran\u00e7a de pedestres e motoristas, al\u00e9m de comprometer a integridade da pavimenta\u00e7\u00e3o, que n\u00e3o est\u00e1 preparada para o peso de ve\u00edculos pesados. Ressalta-se que o trecho em quest\u00e3o, especialmente na \u00e1rea que se inicia na sa\u00edda do anel vi\u00e1rio e d\u00e1 acesso ao per\u00edmetro urbano, \u00e9 destinado exclusivamente ao tr\u00e2nsito leve, sendo vedada a circula\u00e7\u00e3o de caminh\u00f5es.","observacao":"","resultado":"","texto_original":"http://sapl.barradogarcas.mt.leg.br/media/sapl/public/materialegislativa/2025/4141/indicacao_208-_bianca_freitas_-_av._ezequiel_de_carvalho_assinada.pdf","data_ultima_atualizacao":"2025-05-30T10:54:23.897153-03:00","ip":"45.228.105.12","ultima_edicao":"2025-04-29T15:55:15.102109-03:00","tipo":8,"regime_tramitacao":1,"tipo_origem_externa":null,"local_origem_externa":null,"user":38,"anexadas":[],"autores":[83]}