{"id":4121,"__str__":"Mo\u00e7\u00e3o n\u00ba 44 de 2025","link_detail_backend":"/materia/4121","metadata":{"signs":{"texto_original":{"admin":[],"autores":[["Geralmino Alves Rodrigues Neto",["2025-04-24T12:38:17-03:00","ICP-Brasil"]]]}}},"numero":44,"ano":2025,"numero_protocolo":null,"data_apresentacao":"2025-04-24","tipo_apresentacao":"E","data_publicacao":null,"numero_origem_externa":"","ano_origem_externa":null,"data_origem_externa":null,"apelido":"","dias_prazo":null,"data_fim_prazo":null,"em_tramitacao":true,"polemica":false,"objeto":"","complementar":false,"ementa":"Cumprimento e parabenizo a Dra. P\u00e2mela Cardoso dos Santos Silva, pela sua exemplar dedica\u00e7\u00e3o \u00e0 Medicina, pela responsabilidade com que exerce sua profiss\u00e3o e pela contribui\u00e7\u00e3o direta \u00e0 melhoria da sa\u00fade da popula\u00e7\u00e3o barra-garcense, tanto no \u00e2mbito emergencial, quanto em tratamentos especializados e de alta complexidade.","indexacao":"Cumprimento e parabenizo a Dra. P\u00e2mela Cardoso dos Santos Silva, pela sua exemplar dedica\u00e7\u00e3o \u00e0 Medicina, pela responsabilidade com que exerce sua profiss\u00e3o e pela contribui\u00e7\u00e3o direta \u00e0 melhoria da sa\u00fade da popula\u00e7\u00e3o barra-garcense, tanto no \u00e2mbito emergencial, quanto em tratamentos especializados e de alta complexidade.","observacao":"","resultado":"","texto_original":"http://sapl.barradogarcas.mt.leg.br/media/sapl/public/materialegislativa/2025/4121/mocao_044-_dr._neto_-_dra_pamela.pdf","data_ultima_atualizacao":"2025-05-30T10:56:10.407106-03:00","ip":"45.228.105.12","ultima_edicao":"2025-04-29T16:22:41.409897-03:00","tipo":7,"regime_tramitacao":1,"tipo_origem_externa":null,"local_origem_externa":null,"user":38,"anexadas":[],"autores":[51]}