{"id":4057,"__str__":"Indica\u00e7\u00e3o n\u00ba 179 de 2025","link_detail_backend":"/materia/4057","metadata":{"signs":{"texto_original":{"admin":[],"autores":[["Hiago Teles Alves",["2025-04-04T16:24:25-03:00","ICP-Brasil"]]]}}},"numero":179,"ano":2025,"numero_protocolo":null,"data_apresentacao":"2025-04-04","tipo_apresentacao":"E","data_publicacao":null,"numero_origem_externa":"","ano_origem_externa":null,"data_origem_externa":null,"apelido":"","dias_prazo":null,"data_fim_prazo":null,"em_tramitacao":true,"polemica":false,"objeto":"","complementar":false,"ementa":"Indica \u00e0 Secretaria Municipal de Desenvolvimento Econ\u00f4mico e Secretaria Municipal de Inclus\u00e3o e Assist\u00eancia Social, para que sejam tomadas as provid\u00eancias necess\u00e1rias para a cria\u00e7\u00e3o da Semana da Empregabilidade, a ser realizada anualmente no m\u00eas de MAIO no munic\u00edpio de Barra do Gar\u00e7as-MT.","indexacao":"","observacao":"","resultado":"","texto_original":"http://sapl.barradogarcas.mt.leg.br/media/sapl/public/materialegislativa/2025/4057/indicacao_179-_hiago-_semana_da_empregabilidade.pdf","data_ultima_atualizacao":"2025-06-06T11:37:25.110160-03:00","ip":"45.228.105.12","ultima_edicao":"2025-04-07T15:35:54.527874-03:00","tipo":8,"regime_tramitacao":1,"tipo_origem_externa":null,"local_origem_externa":null,"user":38,"anexadas":[],"autores":[84]}