{"id":4021,"__str__":"Indica\u00e7\u00e3o n\u00ba 176 de 2025","link_detail_backend":"/materia/4021","metadata":{"signs":{"texto_original":{"admin":[],"autores":[["Maria Silvania Araujo Ramos",["2025-04-02T15:45:05-03:00","ICP-Brasil"]]]}}},"numero":176,"ano":2025,"numero_protocolo":null,"data_apresentacao":"2025-04-07","tipo_apresentacao":"E","data_publicacao":null,"numero_origem_externa":"","ano_origem_externa":null,"data_origem_externa":null,"apelido":"","dias_prazo":null,"data_fim_prazo":null,"em_tramitacao":true,"polemica":false,"objeto":"","complementar":false,"ementa":"Indica ao Chefe do Poder Executivo Municipal, com c\u00f3pia \u00e0 Secretaria de Infraestrutura e Servi\u00e7os, a necessidade de redu\u00e7\u00e3o do tamanho da orla da pra\u00e7a do Piracema, localizada na Rua Alameda B, n\u00ba 117, Jardim Piracema, em frente \u00e0 Escola Dom Pedro II, no munic\u00edpio de Barra do Gar\u00e7as-MT.","indexacao":"","observacao":"","resultado":"","texto_original":"http://sapl.barradogarcas.mt.leg.br/media/sapl/public/materialegislativa/2025/4021/indicacao_176-_maria_silvania_-_reducao_orla_da_praca.pdf","data_ultima_atualizacao":"2025-06-05T15:44:08.712624-03:00","ip":"45.228.105.12","ultima_edicao":"2025-04-07T15:34:38.149966-03:00","tipo":8,"regime_tramitacao":1,"tipo_origem_externa":null,"local_origem_externa":null,"user":38,"anexadas":[],"autores":[86]}