{"id":3978,"__str__":"Mo\u00e7\u00e3o n\u00ba 24 de 2025","link_detail_backend":"/materia/3978","metadata":{"signs":{"texto_original":{"admin":[],"autores":[["Bianca Sousa de Freitas Almeida",["2025-03-27T09:17:00-03:00","ICP-Brasil"]]]}}},"numero":24,"ano":2025,"numero_protocolo":null,"data_apresentacao":"2025-03-27","tipo_apresentacao":"E","data_publicacao":null,"numero_origem_externa":"","ano_origem_externa":null,"data_origem_externa":null,"apelido":"","dias_prazo":null,"data_fim_prazo":null,"em_tramitacao":true,"polemica":false,"objeto":"","complementar":false,"ementa":"Cumprimento e parabenizo o Advogado, Dr. Leonardo Andr\u00e9 da Mata, Presidente da 2\u00aa Subse\u00e7\u00e3o da Ordem dos Advogados do Brasil (OAB) de Barra do \r\nGar\u00e7as, em raz\u00e3o de sua expressiva vit\u00f3ria para a Diretoria, no que concerne ao tri\u00eanio 2025-2028.","indexacao":"Cumprimento e parabenizo o Advogado, Dr. Leonardo Andr\u00e9 da Mata, Presidente da 2\u00aa Subse\u00e7\u00e3o da Ordem dos Advogados do Brasil (OAB) de Barra do \r\nGar\u00e7as, em raz\u00e3o de sua expressiva vit\u00f3ria para a Diretoria, no que concerne ao tri\u00eanio 2025-2028. Justifica-se esta Mo\u00e7\u00e3o como forma de reconhecimento pela trajet\u00f3ria do Dr. Leonardo Andr\u00e9 da Mata, visto que o mesmo tem se destacado pelo compromisso inabal\u00e1vel com a advocacia e pela excel\u00eancia no exerc\u00edcio da profiss\u00e3o, prestando servi\u00e7os  jur\u00eddicos de grande relev\u00e2ncia para a sociedade barragarcense. Sua atua\u00e7\u00e3o, sempre pautada pela \u00e9tica, compet\u00eancia e dedica\u00e7\u00e3o, tem garantido a defesa dos direitos dos cidad\u00e3os e o \r\nfortalecimento do Estado Democr\u00e1tico de Direito em nossa regi\u00e3o.","observacao":"","resultado":"","texto_original":"http://sapl.barradogarcas.mt.leg.br/media/sapl/public/materialegislativa/2025/3978/document.pdf","data_ultima_atualizacao":"2025-04-03T17:55:02.758141-03:00","ip":"45.228.105.12","ultima_edicao":"2025-03-31T14:56:14.738303-03:00","tipo":7,"regime_tramitacao":1,"tipo_origem_externa":7,"local_origem_externa":null,"user":38,"anexadas":[],"autores":[83]}