{"id":3968,"__str__":"Projeto de Lei Ordin\u00e1ria n\u00ba 28 de 2025","link_detail_backend":"/materia/3968","metadata":{},"numero":28,"ano":2025,"numero_protocolo":null,"data_apresentacao":"2025-03-24","tipo_apresentacao":"E","data_publicacao":null,"numero_origem_externa":"","ano_origem_externa":null,"data_origem_externa":null,"apelido":"","dias_prazo":null,"data_fim_prazo":null,"em_tramitacao":false,"polemica":false,"objeto":"","complementar":false,"ementa":"Disp\u00f5e sobre o reajuste do Piso Salarial Profissional Nacional para os Profissionais do Magist\u00e9rio P\u00fablico e de reajuste dos vencimentos dos Profissionais Administrativos da Carreira dos Profissionais da Educa\u00e7\u00e3o B\u00e1sica Municipal e d\u00e1 outras provid\u00eancias.","indexacao":"Esta Lei disp\u00f5e sobre o reajuste do Piso Salarial Profissional Nacional para os Profissionais do Magist\u00e9rio P\u00fablico e de reajuste dos vencimentos dos Profissionais Administrativos da carreira dos profissionais da educa\u00e7\u00e3o b\u00e1sica para o ano de 2025.","observacao":"","resultado":"","texto_original":"http://sapl.barradogarcas.mt.leg.br/media/sapl/public/materialegislativa/2025/3968/pl_028_de_24_de_marco_de_2025_executivo.pdf","data_ultima_atualizacao":"2025-03-31T16:52:55.392278-03:00","ip":"45.228.105.160","ultima_edicao":"2025-03-24T18:36:18.275422-03:00","tipo":9,"regime_tramitacao":2,"tipo_origem_externa":null,"local_origem_externa":null,"user":34,"anexadas":[4009],"autores":[63]}