{"id":3945,"__str__":"Projeto de Lei Ordin\u00e1ria (origem: Legislativo) n\u00ba 12 de 2025","link_detail_backend":"/materia/3945","metadata":{},"numero":12,"ano":2025,"numero_protocolo":null,"data_apresentacao":"2025-03-17","tipo_apresentacao":"E","data_publicacao":null,"numero_origem_externa":"","ano_origem_externa":null,"data_origem_externa":null,"apelido":"","dias_prazo":null,"data_fim_prazo":null,"em_tramitacao":false,"polemica":false,"objeto":"","complementar":false,"ementa":"Disp\u00f5e sobre o atendimento priorit\u00e1rio e especializado \u00e0s pessoas com doen\u00e7as autoimunes no munic\u00edpio de Barra do Gar\u00e7as e d\u00e1 outras provid\u00eancias.","indexacao":"Fica assegurado o atendimento especializado e priorit\u00e1rio \u00e0s pessoas diagnosticadas com doen\u00e7as autoimunes nos \u00f3rg\u00e3os p\u00fablicos municipais, unidades de sa\u00fade e estabelecimentos privados que prestem servi\u00e7o \u00e0 popula\u00e7\u00e3o, especialmente nas \u00e1reas de sa\u00fade, assist\u00eancia social e servi\u00e7os banc\u00e1rios.","observacao":"","resultado":"","texto_original":"http://sapl.barradogarcas.mt.leg.br/media/sapl/public/materialegislativa/2025/3945/pl_012_de_11_de_marco_de_2025_legislativo.pdf","data_ultima_atualizacao":"2025-03-19T16:31:25.912409-03:00","ip":"45.228.105.160","ultima_edicao":"2025-03-17T15:39:44.342992-03:00","tipo":1,"regime_tramitacao":1,"tipo_origem_externa":null,"local_origem_externa":null,"user":34,"anexadas":[],"autores":[80]}