{"id":3930,"__str__":"Indica\u00e7\u00e3o n\u00ba 118 de 2025","link_detail_backend":"/materia/3930","metadata":{"signs":{"texto_original":{"admin":[],"autores":[["Alessandro Matos do Nascimento",["2025-03-17T12:15:06-03:00","ICP-Brasil - AC SyngularID Multipla"]]]}}},"numero":118,"ano":2025,"numero_protocolo":null,"data_apresentacao":"2025-03-17","tipo_apresentacao":"E","data_publicacao":null,"numero_origem_externa":"","ano_origem_externa":null,"data_origem_externa":null,"apelido":"","dias_prazo":null,"data_fim_prazo":null,"em_tramitacao":true,"polemica":false,"objeto":"","complementar":false,"ementa":"Indica \u00e0 Secretaria de Sa\u00fade, o recadastramento dos usu\u00e1rios do SUS de Barra do Gar\u00e7as - MT, visto que existem incoer\u00eancias entre o n\u00famero de cadastrados e a popula\u00e7\u00e3o do munic\u00edpio.","indexacao":"","observacao":"","resultado":"","texto_original":"http://sapl.barradogarcas.mt.leg.br/media/sapl/public/materialegislativa/2025/3930/indicacao_118-_alex_matos_-_recadastramento_sus.pdf","data_ultima_atualizacao":"2025-03-24T13:45:03.027952-03:00","ip":"45.228.105.12","ultima_edicao":"2025-03-18T16:35:57.734492-03:00","tipo":8,"regime_tramitacao":1,"tipo_origem_externa":null,"local_origem_externa":null,"user":38,"anexadas":[],"autores":[1]}