{"id":3883,"__str__":"Mo\u00e7\u00e3o n\u00ba 13 de 2025","link_detail_backend":"/materia/3883","metadata":{"signs":{"texto_original":{"admin":[],"autores":[["Bianca Sousa de Freitas Almeida",["2025-03-07T14:22:28-03:00","ICP-Brasil"]]]}}},"numero":13,"ano":2025,"numero_protocolo":null,"data_apresentacao":"2025-03-07","tipo_apresentacao":"","data_publicacao":null,"numero_origem_externa":"","ano_origem_externa":null,"data_origem_externa":null,"apelido":"","dias_prazo":null,"data_fim_prazo":null,"em_tramitacao":true,"polemica":false,"objeto":"","complementar":false,"ementa":"Cumprimento e parabenizo o Delegado de Pol\u00edcia Civil, Dr. Adriano Marcos Alencar, Delegado Titular da 1\u00aa Delegacia de Pol\u00edcia Civil de Barra do Gar\u00e7as \u2013\r\nMT e da 2\u00aa Delegacia de Pol\u00edcia Civil de Barra do Gar\u00e7as \u2013 MT. Justifica-se esta Mo\u00e7\u00e3o como forma de reconhecer e homenagear a dedica\u00e7\u00e3o e o profissionalismo demonstrados ao longo de sua carreira em Barra do Gar\u00e7as \u2013 MT.","indexacao":"Justifica-se esta Mo\u00e7\u00e3o como forma de reconhecer e homenagear a dedica\u00e7\u00e3o e o profissionalismo demonstrados ao longo da carreira do Dr. Adriano em Barra do Gar\u00e7as \u2013 MT, especialmente na recente deflagra\u00e7\u00e3o da Opera\u00e7\u00e3o Leviat\u00e3 III, ocorrida em 26 de fevereiro de 2025, coordenada em conjunto com o Dr. Pablo Borges Rigo e com o Delegado Regional Dr. Wilyney Santana Borges Leal. A opera\u00e7\u00e3o representou um marco significativo no enfrentamento ao crime organizado na regi\u00e3o, resultando em a\u00e7\u00f5es concretas\r\nque trouxeram maior seguran\u00e7a e tranquilidade \u00e0 popula\u00e7\u00e3o.","observacao":"","resultado":"","texto_original":"http://sapl.barradogarcas.mt.leg.br/media/sapl/public/materialegislativa/2025/3883/mocao_013-_bianca_freitas_-_dr._adriano_-_assinado.pdf","data_ultima_atualizacao":"2025-03-25T18:07:34.318893-03:00","ip":"45.228.105.12","ultima_edicao":"2025-03-10T17:39:26.844705-03:00","tipo":7,"regime_tramitacao":1,"tipo_origem_externa":null,"local_origem_externa":null,"user":38,"anexadas":[],"autores":[83]}