{"id":3877,"__str__":"Indica\u00e7\u00e3o n\u00ba 102 de 2025","link_detail_backend":"/materia/3877","metadata":{"signs":{"texto_original":{"admin":[],"autores":[["Geralmino Alves Rodrigues Neto",["2025-02-28T10:18:02-03:00","ICP-Brasil - Certificado PF A1"]]]}}},"numero":102,"ano":2025,"numero_protocolo":null,"data_apresentacao":"2025-03-06","tipo_apresentacao":"","data_publicacao":null,"numero_origem_externa":"","ano_origem_externa":null,"data_origem_externa":null,"apelido":"","dias_prazo":null,"data_fim_prazo":null,"em_tramitacao":true,"polemica":false,"objeto":"","complementar":false,"ementa":"Indica \u00e0 Secretaria de Infraestrutura e Servi\u00e7os, a amplia\u00e7\u00e3o do estacionamento destinado a ambul\u00e2ncias no Instituto Nacional de Assist\u00eancia (INA), pr\u00f3ximo ao Clube Balne\u00e1rio Peixinho.","indexacao":"","observacao":"","resultado":"","texto_original":"http://sapl.barradogarcas.mt.leg.br/media/sapl/public/materialegislativa/2025/3877/indicacao_102-_dr._neto_-_ampliacao_de_estacionamento_ina.pdf","data_ultima_atualizacao":"2025-03-13T18:10:04.555019-03:00","ip":"45.228.105.12","ultima_edicao":"2025-03-10T17:24:38.123100-03:00","tipo":8,"regime_tramitacao":1,"tipo_origem_externa":null,"local_origem_externa":null,"user":38,"anexadas":[],"autores":[51]}