{"id":3854,"__str__":"Projeto de Lei Ordin\u00e1ria n\u00ba 17 de 2025","link_detail_backend":"/materia/3854","metadata":{},"numero":17,"ano":2025,"numero_protocolo":null,"data_apresentacao":"2025-02-24","tipo_apresentacao":"E","data_publicacao":null,"numero_origem_externa":"","ano_origem_externa":null,"data_origem_externa":null,"apelido":"","dias_prazo":null,"data_fim_prazo":null,"em_tramitacao":false,"polemica":false,"objeto":"","complementar":false,"ementa":"Disp\u00f5e sobre a Pol\u00edtica P\u00fablica de Assist\u00eancia Social do Munic\u00edpio Barra do Gar\u00e7as/MT e d\u00e1 outras provid\u00eancias.","indexacao":"A Assist\u00eancia Social, direito do cidad\u00e3o e dever do Estado, \u00e9 Pol\u00edtica de Seguridade Social, n\u00e3o contributiva, que prov\u00ea os m\u00ednimos sociais, realizada atrav\u00e9s de um conjunto integrado de a\u00e7\u00f5es de iniciativa p\u00fablica e da sociedade, para garantir o atendimento \u00e0s necessidades b\u00e1sicas.","observacao":"","resultado":"","texto_original":"http://sapl.barradogarcas.mt.leg.br/media/sapl/public/materialegislativa/2025/3854/pl_017_de_24_de_fevereiro_de_2025_executivo.pdf","data_ultima_atualizacao":"2025-02-28T10:49:57.337469-03:00","ip":"45.228.105.160","ultima_edicao":"2025-02-26T13:37:49.271607-03:00","tipo":9,"regime_tramitacao":1,"tipo_origem_externa":null,"local_origem_externa":null,"user":34,"anexadas":[],"autores":[63]}