{"id":3834,"__str__":"Indica\u00e7\u00e3o n\u00ba 82 de 2025","link_detail_backend":"/materia/3834","metadata":{"signs":{"texto_original":{"admin":[],"autores":[["Alessandro Matos do Nascimento",["2025-02-21T12:28:38-03:00","ICP-Brasil - AC SyngularID Multipla"]]]}}},"numero":82,"ano":2025,"numero_protocolo":null,"data_apresentacao":"2025-02-21","tipo_apresentacao":"","data_publicacao":null,"numero_origem_externa":"","ano_origem_externa":null,"data_origem_externa":null,"apelido":"","dias_prazo":null,"data_fim_prazo":null,"em_tramitacao":true,"polemica":false,"objeto":"","complementar":false,"ementa":"Indica ao Parque das \u00c1guas Quentes, com c\u00f3pia \u00e0 Secretaria de Cultura e Turismo e \u00e0 Secretaria de Inclus\u00e3o e Assist\u00eancia Social, em atendimento a solicita\u00e7\u00e3o de Gleide Assun\u00e7\u00e3o Feitosa, a libera\u00e7\u00e3o da entrada de ve\u00edculos para a retirada de pessoas idosas e pessoas com defici\u00eancia, especialmente cadeirantes, das depend\u00eancias do local.","indexacao":"","observacao":"","resultado":"","texto_original":"http://sapl.barradogarcas.mt.leg.br/media/sapl/public/materialegislativa/2025/3834/indicacao_082-_alex_matos_-_liberacao_de_entrada_carros_aguas_quentes_1.pdf","data_ultima_atualizacao":"2025-06-27T09:48:52.907441-03:00","ip":"","ultima_edicao":null,"tipo":8,"regime_tramitacao":1,"tipo_origem_externa":null,"local_origem_externa":null,"user":null,"anexadas":[],"autores":[1]}