{"id":3811,"__str__":"Indica\u00e7\u00e3o n\u00ba 71 de 2025","link_detail_backend":"/materia/3811","metadata":{"signs":{"texto_original":{"admin":[],"autores":[["Elton Melo Marques",["2025-02-14T17:15:16-03:00","ICP-Brasil"]]]}}},"numero":71,"ano":2025,"numero_protocolo":null,"data_apresentacao":"2025-02-17","tipo_apresentacao":"E","data_publicacao":null,"numero_origem_externa":"","ano_origem_externa":null,"data_origem_externa":null,"apelido":"","dias_prazo":null,"data_fim_prazo":null,"em_tramitacao":true,"polemica":false,"objeto":"","complementar":false,"ementa":"Indica \u00e0 Secretaria Municipal de Desenvolvimento Urbano e Sustent\u00e1vel (SMDUS), a implanta\u00e7\u00e3o de uma faixa de pedestres elevada em frente \u00e0 Arena de V\u00f4lei, localizada na Rua Alpes, no Bairro Sena Marques.","indexacao":"Indica \u00e0 Secretaria Municipal de Desenvolvimento Urbano e Sustent\u00e1vel (SMDUS) a implanta\u00e7\u00e3o de uma faixa de pedestres elevada em frente \u00e0 Arena de V\u00f4lei, localizada na Rua Alpes, no Bairro Sena Marques.","observacao":"","resultado":"","texto_original":"http://sapl.barradogarcas.mt.leg.br/media/sapl/public/materialegislativa/2025/3811/indicacao_071_-_elton_-_faixa_elevada_rua_alpes.pdf","data_ultima_atualizacao":"2025-02-20T18:43:52.885474-03:00","ip":"45.228.105.12","ultima_edicao":"2025-02-17T18:51:54.657376-03:00","tipo":8,"regime_tramitacao":1,"tipo_origem_externa":null,"local_origem_externa":null,"user":38,"anexadas":[],"autores":[80]}